{"id":40203,"date":"2023-05-08T08:57:08","date_gmt":"2023-05-08T11:57:08","guid":{"rendered":"https:\/\/www.obispado-mdp.org.ar\/a\/?p=40203"},"modified":"2023-05-08T08:58:10","modified_gmt":"2023-05-08T11:58:10","slug":"destino-de-los-diaconos-permanentes","status":"publish","type":"post","link":"https:\/\/www.obispado-mdp.org.ar\/a\/destino-de-los-diaconos-permanentes\/","title":{"rendered":"DESTINO DE LOS DI\u00c1CONOS PERMANENTES CASADOS."},"content":{"rendered":"\n<p class=\"has-pale-cyan-blue-background-color has-background\">    <strong>A trav\u00e9s de la Circular de Canciller\u00eda 9-2023 el padre obispo Gabriel Mestre dio a conocer los destinos de los di\u00e1conos permanentes casados en la Di\u00f3cesis de Mar del Plata.<\/strong><\/p>\n\n\n\n<p>En el d\u00eda de Nuestra Se\u00f1ora de Luj\u00e1n el obispo Gabriel Mestre da a conocer los nuevos destinos pastorales de los di\u00e1conos:<\/p>\n\n\n\n<p>\u2022 Di\u00e1c. <strong>Jorge Carbone<\/strong> a Parroquia Jes\u00fas Obrero de Mar del Plata<\/p>\n\n\n\n<p>\u2022 Di\u00e1c. <strong>Miguel Correa<\/strong> a Parroquia Padre Pio de Pietrelcina de Mar del Plata<\/p>\n\n\n\n<p>\u2022 Di\u00e1c. <strong>Sergio Vaghini <\/strong>a Parroquia Santa Rita de Mar del Plata<\/p>\n\n\n\n<p>\u2022 Di\u00e1c. <strong>N\u00e9stor Cristaldi<\/strong> a Parroquia Sagrado Coraz\u00f3n de Jes\u00fas de Mar del Plata<\/p>\n\n\n\n<p>Los di\u00e1conos ordenados pr\u00f3ximamente, a fin de mayo y comienzos de junio, ser\u00e1n adscriptos a las siguientes parroquias:<\/p>\n\n\n\n<p>\u2022 <strong>Pedro Alderete <\/strong>a Parroquia Asunci\u00f3n de la Virgen de Mar del Plata<\/p>\n\n\n\n<p>\u2022 <strong>Hern\u00e1n Victorel<\/strong> a Parroquia Santa Ana de Mar del Plata<\/p>\n\n\n\n<p>\u2022<strong> Elio Urdiales <\/strong>a Parroquia San Cayetano de Mar del Plata<\/p>\n\n\n\n<p>\u2022<strong> Daniel G\u00f3mez<\/strong> a Parroquia Sagrado Coraz\u00f3n de Jes\u00fas de General Madariaga<\/p>\n\n\n\n<p>\u2022<strong> Fernando Roca<\/strong> a Parroquia Nuestra Se\u00f1ora de Lourdes de Necochea<\/p>\n\n\n\n<p>El Di\u00e1c. <strong>Marcelo Lovera<\/strong> con su esposa se radicar\u00e1n de forma definitiva en Cosqu\u00edn (C\u00f3rdoba), durante los pr\u00f3ximos meses.<\/p>\n\n\n\n<p>Los dem\u00e1s di\u00e1conos permanentes casados permanecen en sus destinos.<\/p>\n\n\n\n<p>El comienzo de servicio en los nuevos destinos se realizar\u00e1 entre junio y julio, seg\u00fan lo vayan agendando a la luz de las posibilidades, en di\u00e1logo con los p\u00e1rrocos.<\/p>\n\n\n\n<p><a href=\"https:\/\/www.facebook.com\/diocesis.mardelplata\/photos\/a.884475091640864\/6116911725063815\/?__cft__[0]=AZVPrTjmUI8yQiYYwO2k7u84Rfj7on8JtCUwkSL77VSp9M42oO4IqtasNlq-7VsXe75iFtKCp9JrJv8ccB2_1H1_0974Vjtn5et9YrQX15_69ImuOzIdtr_f1vbjCd_Np1QZi-pmjsblVSK6Nv0t7NUemeEY5R89ro46adz7LN0V2xZ9AiKqB3RVctxGPxddzREiq8ZNdQ6Wybu_PU1gbPeB&amp;__tn__=EH-R\"><\/a><\/p>\n\n\n\n<figure class=\"wp-block-image\"><a href=\"https:\/\/www.facebook.com\/diocesis.mardelplata\/photos\/a.884475091640864\/6116911725063815\/?__cft__[0]=AZVPrTjmUI8yQiYYwO2k7u84Rfj7on8JtCUwkSL77VSp9M42oO4IqtasNlq-7VsXe75iFtKCp9JrJv8ccB2_1H1_0974Vjtn5et9YrQX15_69ImuOzIdtr_f1vbjCd_Np1QZi-pmjsblVSK6Nv0t7NUemeEY5R89ro46adz7LN0V2xZ9AiKqB3RVctxGPxddzREiq8ZNdQ6Wybu_PU1gbPeB&amp;__tn__=EH-R\"><img src=\"https:\/\/scontent.fmdq6-1.fna.fbcdn.net\/v\/t39.30808-6\/345577670_156402167381123_6119120090707923772_n.png?stp=dst-png_p180x540&amp;_nc_cat=108&amp;ccb=1-7&amp;_nc_sid=730e14&amp;_nc_ohc=77LH_tYtHM0AX-ZU27D&amp;_nc_ht=scontent.fmdq6-1.fna&amp;oh=00_AfAN454aGRWe8591KGAgl1mndRh23WF8jgOx2IkJkERndQ&amp;oe=645D0830\" alt=\"Puede ser una imagen de texto\"\/><\/a><\/figure>\n\n\n\n<p>0<\/p>\n\n\n\n<p>Personas alcanzadas<\/p>\n\n\n\n<p>0<\/p>\n\n\n\n<p>Interacciones<\/p>\n\n\n\n<p>\u2013<\/p>\n\n\n\n<p>Puntuaci\u00f3n de distribuci\u00f3n<\/p>\n\n\n\n<p><a href=\"https:\/\/www.facebook.com\/ad_center\/create\/boostpost\/?entry_point=new_timeline&amp;page_id=882362491852124&amp;target_id=6116912065063781&amp;__cft__[0]=AZVPrTjmUI8yQiYYwO2k7u84Rfj7on8JtCUwkSL77VSp9M42oO4IqtasNlq-7VsXe75iFtKCp9JrJv8ccB2_1H1_0974Vjtn5et9YrQX15_69ImuOzIdtr_f1vbjCd_Np1QZi-pmjsblVSK6Nv0t7NUemeEY5R89ro46adz7LN0V2xZ9AiKqB3RVctxGPxddzREiq8ZNdQ6Wybu_PU1gbPeB&amp;__tn__=*W-R\"><\/a><\/p>\n\n\n\n<p><a href=\"https:\/\/www.facebook.com\/ad_center\/create\/boostpost\/?entry_point=new_timeline&amp;page_id=882362491852124&amp;target_id=6116912065063781&amp;__cft__[0]=AZVPrTjmUI8yQiYYwO2k7u84Rfj7on8JtCUwkSL77VSp9M42oO4IqtasNlq-7VsXe75iFtKCp9JrJv8ccB2_1H1_0974Vjtn5et9YrQX15_69ImuOzIdtr_f1vbjCd_Np1QZi-pmjsblVSK6Nv0t7NUemeEY5R89ro46adz7LN0V2xZ9AiKqB3RVctxGPxddzREiq8ZNdQ6Wybu_PU1gbPeB&amp;__tn__=*W-R\">Promocionar publicaci\u00f3n<\/a><\/p>\n\n\n\n<p>Me gusta<\/p>\n\n\n\n<p>Comentar<\/p>\n\n\n\n<p>Compartir<\/p>\n","protected":false},"excerpt":{"rendered":"<p>A trav\u00e9s de la Circular de Canciller\u00eda 9-2023 el padre obispo Gabriel Mestre dio a conocer los destinos de los di\u00e1conos permanentes casados en la Di\u00f3cesis de Mar del Plata. En el d\u00eda de Nuestra Se\u00f1ora de Luj\u00e1n el obispo Gabriel Mestre da a conocer los nuevos destinos pastorales de los di\u00e1conos: \u2022 Di\u00e1c. Jorge [&hellip;]<\/p>\n","protected":false},"author":4,"featured_media":37920,"comment_status":"open","ping_status":"open","sticky":false,"template":"","format":"standard","meta":{"_et_pb_use_builder":"","_et_pb_old_content":"","_et_gb_content_width":""},"categories":[4],"tags":[],"aioseo_notices":[],"_links":{"self":[{"href":"https:\/\/www.obispado-mdp.org.ar\/a\/wp-json\/wp\/v2\/posts\/40203"}],"collection":[{"href":"https:\/\/www.obispado-mdp.org.ar\/a\/wp-json\/wp\/v2\/posts"}],"about":[{"href":"https:\/\/www.obispado-mdp.org.ar\/a\/wp-json\/wp\/v2\/types\/post"}],"author":[{"embeddable":true,"href":"https:\/\/www.obispado-mdp.org.ar\/a\/wp-json\/wp\/v2\/users\/4"}],"replies":[{"embeddable":true,"href":"https:\/\/www.obispado-mdp.org.ar\/a\/wp-json\/wp\/v2\/comments?post=40203"}],"version-history":[{"count":4,"href":"https:\/\/www.obispado-mdp.org.ar\/a\/wp-json\/wp\/v2\/posts\/40203\/revisions"}],"predecessor-version":[{"id":41463,"href":"https:\/\/www.obispado-mdp.org.ar\/a\/wp-json\/wp\/v2\/posts\/40203\/revisions\/41463"}],"wp:featuredmedia":[{"embeddable":true,"href":"https:\/\/www.obispado-mdp.org.ar\/a\/wp-json\/wp\/v2\/media\/37920"}],"wp:attachment":[{"href":"https:\/\/www.obispado-mdp.org.ar\/a\/wp-json\/wp\/v2\/media?parent=40203"}],"wp:term":[{"taxonomy":"category","embeddable":true,"href":"https:\/\/www.obispado-mdp.org.ar\/a\/wp-json\/wp\/v2\/categories?post=40203"},{"taxonomy":"post_tag","embeddable":true,"href":"https:\/\/www.obispado-mdp.org.ar\/a\/wp-json\/wp\/v2\/tags?post=40203"}],"curies":[{"name":"wp","href":"https:\/\/api.w.org\/{rel}","templated":true}]}}