{"id":40219,"date":"2023-05-10T08:25:40","date_gmt":"2023-05-10T11:25:40","guid":{"rendered":"https:\/\/www.obispado-mdp.org.ar\/a\/?p=40219"},"modified":"2023-05-10T08:25:43","modified_gmt":"2023-05-10T11:25:43","slug":"jornada-teologica-pastoral-del-clero","status":"publish","type":"post","link":"https:\/\/www.obispado-mdp.org.ar\/a\/jornada-teologica-pastoral-del-clero\/","title":{"rendered":"JORNADA TEOL\u00d3GICA PASTORAL DEL CLERO."},"content":{"rendered":"\n<p class=\"has-pale-cyan-blue-background-color has-background\"><strong>Durante esta semana los sacerdotes de la Di\u00f3cesis de Mar del Plata junto al obispo Gabriel Mestre, se dedican a reflexionar sobre la realidad sociopol\u00edtica econ\u00f3mica.<\/strong><\/p>\n\n\n\n<p>Del martes 9 al viernes 12 los sacerdotes se re\u00fanen para reflexionar sobre la realidad. En primer lugar se tom\u00f3 contacto con los datos estad\u00edsticos y los dilemas actuales con la ayuda de Dr. Agust\u00edn Salvia y los aportes del Observatorio de la Deuda Social de la UCA. Interpretar los datos y renovar el compromiso pastoral han sido parte de los trabajos en grupo y los plenarios. Las actividades contin\u00faan con el estudio del Nuevo Directorio Catequ\u00edstico, los desaf\u00edos culturales m\u00e1s importantes, el desaf\u00edo de la Evangelizaci\u00f3n Renovada y el compromiso concreto de imprimir un dinamismo renovado en la acci\u00f3n pastoral de la Iglesia.<\/p>\n\n\n\n<p><br>En un clima de convivencia fraterna y de oraci\u00f3n el clero de Mar del Plata renueva su compromiso pastoral en un a\u00f1o de grandes desaf\u00edos para la Patria.<\/p>\n\n\n\n<figure class=\"wp-container-2 wp-block-gallery-1 wp-block-gallery has-nested-images columns-default is-cropped\">\n<figure class=\"wp-block-image size-large\"><img loading=\"lazy\" width=\"1024\" height=\"768\" data-id=\"40221\"  src=\"https:\/\/www.obispado-mdp.org.ar\/a\/wp-content\/uploads\/2023\/05\/1e094801-7520-4313-a308-74733976ebb9.jpg\" alt=\"\" class=\"wp-image-40221\"\/><\/figure>\n\n\n\n<figure class=\"wp-block-image size-large\"><img loading=\"lazy\" width=\"1024\" height=\"768\" data-id=\"40220\"  src=\"https:\/\/www.obispado-mdp.org.ar\/a\/wp-content\/uploads\/2023\/05\/1f1d3904-9972-48f1-b8e5-c45e56a6ae7e.jpg\" alt=\"\" class=\"wp-image-40220\"\/><\/figure>\n\n\n\n<figure class=\"wp-block-image size-large\"><img loading=\"lazy\" width=\"1024\" height=\"768\" data-id=\"40223\"  src=\"https:\/\/www.obispado-mdp.org.ar\/a\/wp-content\/uploads\/2023\/05\/2a084403-59d1-4a2b-a8d4-a4b06fb974f6.jpg\" alt=\"\" class=\"wp-image-40223\"\/><\/figure>\n\n\n\n<figure class=\"wp-block-image size-large\"><img loading=\"lazy\" width=\"1024\" height=\"768\" data-id=\"40222\"  src=\"https:\/\/www.obispado-mdp.org.ar\/a\/wp-content\/uploads\/2023\/05\/7820f984-783e-4c8d-9769-e180fa81f93c.jpg\" alt=\"\" class=\"wp-image-40222\"\/><\/figure>\n<\/figure>\n","protected":false},"excerpt":{"rendered":"<p>Durante esta semana los sacerdotes de la Di\u00f3cesis de Mar del Plata junto al obispo Gabriel Mestre, se dedican a reflexionar sobre la realidad sociopol\u00edtica econ\u00f3mica. Del martes 9 al viernes 12 los sacerdotes se re\u00fanen para reflexionar sobre la realidad. En primer lugar se tom\u00f3 contacto con los datos estad\u00edsticos y los dilemas actuales [&hellip;]<\/p>\n","protected":false},"author":4,"featured_media":40224,"comment_status":"open","ping_status":"open","sticky":false,"template":"","format":"standard","meta":{"_et_pb_use_builder":"","_et_pb_old_content":"","_et_gb_content_width":""},"categories":[4],"tags":[],"aioseo_notices":[],"_links":{"self":[{"href":"https:\/\/www.obispado-mdp.org.ar\/a\/wp-json\/wp\/v2\/posts\/40219"}],"collection":[{"href":"https:\/\/www.obispado-mdp.org.ar\/a\/wp-json\/wp\/v2\/posts"}],"about":[{"href":"https:\/\/www.obispado-mdp.org.ar\/a\/wp-json\/wp\/v2\/types\/post"}],"author":[{"embeddable":true,"href":"https:\/\/www.obispado-mdp.org.ar\/a\/wp-json\/wp\/v2\/users\/4"}],"replies":[{"embeddable":true,"href":"https:\/\/www.obispado-mdp.org.ar\/a\/wp-json\/wp\/v2\/comments?post=40219"}],"version-history":[{"count":1,"href":"https:\/\/www.obispado-mdp.org.ar\/a\/wp-json\/wp\/v2\/posts\/40219\/revisions"}],"predecessor-version":[{"id":40225,"href":"https:\/\/www.obispado-mdp.org.ar\/a\/wp-json\/wp\/v2\/posts\/40219\/revisions\/40225"}],"wp:featuredmedia":[{"embeddable":true,"href":"https:\/\/www.obispado-mdp.org.ar\/a\/wp-json\/wp\/v2\/media\/40224"}],"wp:attachment":[{"href":"https:\/\/www.obispado-mdp.org.ar\/a\/wp-json\/wp\/v2\/media?parent=40219"}],"wp:term":[{"taxonomy":"category","embeddable":true,"href":"https:\/\/www.obispado-mdp.org.ar\/a\/wp-json\/wp\/v2\/categories?post=40219"},{"taxonomy":"post_tag","embeddable":true,"href":"https:\/\/www.obispado-mdp.org.ar\/a\/wp-json\/wp\/v2\/tags?post=40219"}],"curies":[{"name":"wp","href":"https:\/\/api.w.org\/{rel}","templated":true}]}}