{"id":40228,"date":"2023-05-12T10:46:29","date_gmt":"2023-05-12T13:46:29","guid":{"rendered":"https:\/\/www.obispado-mdp.org.ar\/a\/?p=40228"},"modified":"2023-05-12T10:46:48","modified_gmt":"2023-05-12T13:46:48","slug":"nuevo-equipo-de-formacion-del-clero","status":"publish","type":"post","link":"https:\/\/www.obispado-mdp.org.ar\/a\/nuevo-equipo-de-formacion-del-clero\/","title":{"rendered":"NUEVO EQUIPO DE FORMACI\u00d3N DEL CLERO."},"content":{"rendered":"\n<p class=\"has-pale-cyan-blue-background-color has-background\"><strong>En el marco de las Jornadas de Actualizaci\u00f3n teol\u00f3gica pastoral, el obispo Gabriel ha nombrado el nuevo equipo de Formaci\u00f3n Permanente del Clero. <\/strong><\/p>\n\n\n\n<p>Este grupo ser\u00e1 coordinado el Padre <strong>Luis Alb\u00f3niga<\/strong>, vicario general de la Di\u00f3cesis, y son parte del mismo los presb\u00edteros <strong>Fabi\u00e1n Yanes<\/strong>, <strong>Ariel Sueiro y Juan Pablo Arrachea<\/strong>, estos \u00faltimos elegidos por los sacerdotes agrupados por franjas etarias. Es tarea propia del equipo programar y organizar los espacios de formaci\u00f3n permanente del clero y su funci\u00f3n se extender\u00e1 por tres a\u00f1os.<\/p>\n\n\n\n<figure class=\"wp-block-image size-full\"><img loading=\"lazy\" width=\"718\" height=\"766\" src=\"https:\/\/www.obispado-mdp.org.ar\/a\/wp-content\/uploads\/2023\/05\/1f65d427-9b69-4157-9bd8-766c9272740d.jpg\" alt=\"\" class=\"wp-image-40229\"\/><\/figure>\n","protected":false},"excerpt":{"rendered":"<p>En el marco de las Jornadas de Actualizaci\u00f3n teol\u00f3gica pastoral, el obispo Gabriel ha nombrado el nuevo equipo de Formaci\u00f3n Permanente del Clero. Este grupo ser\u00e1 coordinado el Padre Luis Alb\u00f3niga, vicario general de la Di\u00f3cesis, y son parte del mismo los presb\u00edteros Fabi\u00e1n Yanes, Ariel Sueiro y Juan Pablo Arrachea, estos \u00faltimos elegidos por [&hellip;]<\/p>\n","protected":false},"author":4,"featured_media":40230,"comment_status":"open","ping_status":"open","sticky":false,"template":"","format":"standard","meta":{"_et_pb_use_builder":"","_et_pb_old_content":"","_et_gb_content_width":""},"categories":[4],"tags":[],"aioseo_notices":[],"_links":{"self":[{"href":"https:\/\/www.obispado-mdp.org.ar\/a\/wp-json\/wp\/v2\/posts\/40228"}],"collection":[{"href":"https:\/\/www.obispado-mdp.org.ar\/a\/wp-json\/wp\/v2\/posts"}],"about":[{"href":"https:\/\/www.obispado-mdp.org.ar\/a\/wp-json\/wp\/v2\/types\/post"}],"author":[{"embeddable":true,"href":"https:\/\/www.obispado-mdp.org.ar\/a\/wp-json\/wp\/v2\/users\/4"}],"replies":[{"embeddable":true,"href":"https:\/\/www.obispado-mdp.org.ar\/a\/wp-json\/wp\/v2\/comments?post=40228"}],"version-history":[{"count":1,"href":"https:\/\/www.obispado-mdp.org.ar\/a\/wp-json\/wp\/v2\/posts\/40228\/revisions"}],"predecessor-version":[{"id":40231,"href":"https:\/\/www.obispado-mdp.org.ar\/a\/wp-json\/wp\/v2\/posts\/40228\/revisions\/40231"}],"wp:featuredmedia":[{"embeddable":true,"href":"https:\/\/www.obispado-mdp.org.ar\/a\/wp-json\/wp\/v2\/media\/40230"}],"wp:attachment":[{"href":"https:\/\/www.obispado-mdp.org.ar\/a\/wp-json\/wp\/v2\/media?parent=40228"}],"wp:term":[{"taxonomy":"category","embeddable":true,"href":"https:\/\/www.obispado-mdp.org.ar\/a\/wp-json\/wp\/v2\/categories?post=40228"},{"taxonomy":"post_tag","embeddable":true,"href":"https:\/\/www.obispado-mdp.org.ar\/a\/wp-json\/wp\/v2\/tags?post=40228"}],"curies":[{"name":"wp","href":"https:\/\/api.w.org\/{rel}","templated":true}]}}