{"id":40247,"date":"2023-05-14T09:04:25","date_gmt":"2023-05-14T12:04:25","guid":{"rendered":"https:\/\/www.obispado-mdp.org.ar\/a\/?p=40247"},"modified":"2023-05-14T09:05:41","modified_gmt":"2023-05-14T12:05:41","slug":"celebracion-de-fatima","status":"publish","type":"post","link":"https:\/\/www.obispado-mdp.org.ar\/a\/celebracion-de-fatima\/","title":{"rendered":"CELEBRACION DE FATIMA ."},"content":{"rendered":"\n<p><strong>Con una nutrida procesi\u00f3n por las calles aleda\u00f1as al templo y una misa presidida por el padre obispo Gabriel Mestre, se celebr\u00f3 este s\u00e1bado un nuevo aniversario de \u201cNuestra Se\u00f1ora de F\u00e1tima\u201d.<\/strong><\/p>\n\n\n\n<p>Con una nutrida procesi\u00f3n por las calles aleda\u00f1as al templo y una misa celebrada por el padre obispo Gabriel Mestre, se celebr\u00f3&nbsp;este s\u00e1bado un nuevo aniversario de \u201cNuestra Se\u00f1ora de F\u00e1tima\u201d.<\/p>\n\n\n\n<p><strong>\u201cMar\u00eda nos acompa\u00f1a en las buenas y en las malas, como en la vida\u201d,<\/strong>&nbsp;sostuvo el \u201cpastor\u201d de la di\u00f3cesis local.<\/p>\n\n\n\n<p>La fiesta religiosa comenz\u00f3 a media tarde, con las presentaciones de varias bandas musicales de rock cristiano, m\u00e1s la de las bandas musicales de la Armada y del Ej\u00e9rcito Argentino que interpretaron distintas melod\u00edas de g\u00e9neros diferentes.<\/p>\n\n\n\n<p>La peregrinaci\u00f3n fue encabezada por la imagen de la Virgen de F\u00e1tima, que egres\u00f3 del templo de Alberti al 1300 seguida por los fieles y tambi\u00e9n representantes de distintas instituciones y colegios religiosos. As\u00ed, la caravana se dirigi\u00f3 por G\u00fcemes hasta la Plaza del Agua, para doblar por Roca y retomar por Olavarr\u00eda hasta el punto de partida. <\/p>\n\n\n\n<p>Fuente: Marita Padilla, La Capital<\/p>\n\n\n\n<figure class=\"wp-block-image\"><img src=\"https:\/\/storage.lacapitalmdp.com\/2023\/05\/Fatima-07.jpg\" alt=\"Fatima  07\" class=\"wp-image-804783\"\/><\/figure>\n\n\n\n<p>A lo largo de todo el trayecto se rez\u00f3 el rosario y tambi\u00e9n se entonaron diversas canciones religiosas y hasta salmos.<br>El obispo Gabriel Mestre, en la homil\u00eda y tambi\u00e9n durante el mensaje que comparti\u00f3 con los fieles a lo largo de la procesi\u00f3n, se\u00f1al\u00f3: \u201cMar\u00eda nos acompa\u00f1a en las buenas y en las malas, como en la vida, tal como se refleja en los textos b\u00edblicos, con dolor y alegr\u00eda, como en la vida misma\u201d.<\/p>\n\n\n\n<p>As\u00ed, describi\u00f3 que la presencia de la virgen emana \u201cdelicadeza, cuidado, amor de madre\u201d. La fiesta religiosa se traslad\u00f3 de las calles hasta el interior del templo, donde el obispo diocesano encabez\u00f3 la celebraci\u00f3n de la misa ante una iglesia colmada.<\/p>\n\n\n\n<p>En la ceremonia, y a lo largo de toda la jornada, se conmemor\u00f3 que hace 106 a\u00f1os la Virgen se present\u00f3 en F\u00e1tima (Portugal) ante tres humildes pastorcitos.<\/p>\n\n\n\n<figure class=\"wp-container-2 wp-block-gallery-1 wp-block-gallery has-nested-images columns-default is-cropped\">\n<figure class=\"wp-block-image size-large\"><img loading=\"lazy\" width=\"1024\" height=\"683\" data-id=\"40250\"  src=\"https:\/\/www.obispado-mdp.org.ar\/a\/wp-content\/uploads\/2023\/05\/08_56_22_Fatima-02-1024x683-1.jpg\" alt=\"\" class=\"wp-image-40250\"\/><\/figure>\n\n\n\n<figure class=\"wp-block-image size-large\"><img loading=\"lazy\" width=\"1024\" height=\"593\" data-id=\"40249\"  src=\"https:\/\/www.obispado-mdp.org.ar\/a\/wp-content\/uploads\/2023\/05\/IMG-20230514-WA0003.jpg\" alt=\"\" class=\"wp-image-40249\"\/><\/figure>\n\n\n\n<figure class=\"wp-block-image size-large\"><img loading=\"lazy\" width=\"1024\" height=\"473\" data-id=\"40248\"  src=\"https:\/\/www.obispado-mdp.org.ar\/a\/wp-content\/uploads\/2023\/05\/IMG-20230514-WA0007.jpg\" alt=\"\" class=\"wp-image-40248\"\/><\/figure>\n\n\n\n<figure class=\"wp-block-image size-large\"><img loading=\"lazy\" width=\"1024\" height=\"595\" data-id=\"40251\"  src=\"https:\/\/www.obispado-mdp.org.ar\/a\/wp-content\/uploads\/2023\/05\/IMG-20230514-WA0002.jpg\" alt=\"\" class=\"wp-image-40251\"\/><\/figure>\n\n\n\n<figure class=\"wp-block-image size-large\"><img loading=\"lazy\" width=\"1024\" height=\"768\" data-id=\"40252\"  src=\"https:\/\/www.obispado-mdp.org.ar\/a\/wp-content\/uploads\/2023\/05\/IMG-20230514-WA0000.jpg\" alt=\"\" class=\"wp-image-40252\"\/><\/figure>\n<\/figure>\n","protected":false},"excerpt":{"rendered":"<p>Con una nutrida procesi\u00f3n por las calles aleda\u00f1as al templo y una misa presidida por el padre obispo Gabriel Mestre, se celebr\u00f3 este s\u00e1bado un nuevo aniversario de \u201cNuestra Se\u00f1ora de F\u00e1tima\u201d. Con una nutrida procesi\u00f3n por las calles aleda\u00f1as al templo y una misa celebrada por el padre obispo Gabriel Mestre, se celebr\u00f3&nbsp;este s\u00e1bado [&hellip;]<\/p>\n","protected":false},"author":4,"featured_media":40254,"comment_status":"open","ping_status":"open","sticky":false,"template":"","format":"standard","meta":{"_et_pb_use_builder":"","_et_pb_old_content":"","_et_gb_content_width":""},"categories":[4],"tags":[],"aioseo_notices":[],"_links":{"self":[{"href":"https:\/\/www.obispado-mdp.org.ar\/a\/wp-json\/wp\/v2\/posts\/40247"}],"collection":[{"href":"https:\/\/www.obispado-mdp.org.ar\/a\/wp-json\/wp\/v2\/posts"}],"about":[{"href":"https:\/\/www.obispado-mdp.org.ar\/a\/wp-json\/wp\/v2\/types\/post"}],"author":[{"embeddable":true,"href":"https:\/\/www.obispado-mdp.org.ar\/a\/wp-json\/wp\/v2\/users\/4"}],"replies":[{"embeddable":true,"href":"https:\/\/www.obispado-mdp.org.ar\/a\/wp-json\/wp\/v2\/comments?post=40247"}],"version-history":[{"count":3,"href":"https:\/\/www.obispado-mdp.org.ar\/a\/wp-json\/wp\/v2\/posts\/40247\/revisions"}],"predecessor-version":[{"id":40256,"href":"https:\/\/www.obispado-mdp.org.ar\/a\/wp-json\/wp\/v2\/posts\/40247\/revisions\/40256"}],"wp:featuredmedia":[{"embeddable":true,"href":"https:\/\/www.obispado-mdp.org.ar\/a\/wp-json\/wp\/v2\/media\/40254"}],"wp:attachment":[{"href":"https:\/\/www.obispado-mdp.org.ar\/a\/wp-json\/wp\/v2\/media?parent=40247"}],"wp:term":[{"taxonomy":"category","embeddable":true,"href":"https:\/\/www.obispado-mdp.org.ar\/a\/wp-json\/wp\/v2\/categories?post=40247"},{"taxonomy":"post_tag","embeddable":true,"href":"https:\/\/www.obispado-mdp.org.ar\/a\/wp-json\/wp\/v2\/tags?post=40247"}],"curies":[{"name":"wp","href":"https:\/\/api.w.org\/{rel}","templated":true}]}}