{"id":40257,"date":"2023-05-14T13:05:18","date_gmt":"2023-05-14T16:05:18","guid":{"rendered":"https:\/\/www.obispado-mdp.org.ar\/a\/?p=40257"},"modified":"2023-05-14T13:05:20","modified_gmt":"2023-05-14T16:05:20","slug":"50-anos-de-caritas","status":"publish","type":"post","link":"https:\/\/www.obispado-mdp.org.ar\/a\/50-anos-de-caritas\/","title":{"rendered":"50 A\u00d1OS DE C\u00c1RITAS."},"content":{"rendered":"\n<p><strong>Este domingo y con motivo del 50 aniversario de C\u00e1ritas, se celebr\u00f3 la misa en la Iglesia Catedral, presidida por el padre Obispo y Presidente de C\u00e1ritas, Monse\u00f1or Gabriel Mestre, el vicepresidente de C\u00e1ritas, Presb\u00edtero Hern\u00e1n David y qui\u00e9n fuera tambi\u00e9n vicepresidente Presb\u00edtero Fabi\u00e1n Ya\u00f1ez.<\/strong><\/p>\n\n\n\n<p><br>El Obispo en su homil\u00eda resalt\u00f3, en sus cl\u00e1sicos 3 puntos, los conceptos de par\u00e1clito, como el Esp\u00edritu Santo consolador que nos acompa\u00f1a, la Verdad y la Raz\u00f3n, como testimonio de la esperanza con nuestra propia vida.<br>Si hay algo que caracteriza el esp\u00edritu de CARITAS es dar raz\u00f3n de la esperanza a trav\u00e9s del cuidado y la cercan\u00eda con los m\u00e1s necesitados.<br>\u00abDamos gracias juntos por estos 50 a\u00f1os de caritas dando raz\u00f3n de la esperanza, con los gestos simples pero profundos de servicio que nuestra C\u00e1ritas Diocesana y parroquial ha vivido a lo largo de estos a\u00f1os\u00bb.<br>Recordando las palabras de qui\u00e9n fuera Obispo de nuestra Di\u00f3cesis, Monse\u00f1or Arancedo,\u00bbNosotros somos gracias a qu\u00e9 otros fueron, nosotros estamos gracias a qu\u00e9 otros concluyeron\u00bb, nuestro Obispo di\u00f3 las gracias a los que fueron parte de nuestra historia y a los que hoy est\u00e1n presentes en el servicio de la caridad.<br>\u00abSomos un equipo de asilo, de servicio, de animaci\u00f3n de la caridad.\u00bb<br>Al finalizar la misa se realiz\u00f3 el reconocimiento y entrega de diplomas a quienes formaron parte de la historia de C\u00e1ritas Diocesana.<\/p>\n\n\n\n<p>Cr\u00f3nica de Yesica Cuzzami<\/p>\n\n\n\n<figure class=\"wp-container-2 wp-block-gallery-1 wp-block-gallery has-nested-images columns-default is-cropped\">\n<figure class=\"wp-block-image size-large\"><img loading=\"lazy\" width=\"768\" height=\"1024\" data-id=\"40258\"  src=\"https:\/\/www.obispado-mdp.org.ar\/a\/wp-content\/uploads\/2023\/05\/IMG-20230514-WA0013-768x1024.jpg\" alt=\"\" class=\"wp-image-40258\"\/><\/figure>\n\n\n\n<figure class=\"wp-block-image size-large\"><img loading=\"lazy\" width=\"1024\" height=\"768\" data-id=\"40259\"  src=\"https:\/\/www.obispado-mdp.org.ar\/a\/wp-content\/uploads\/2023\/05\/IMG-20230514-WA0016-1024x768.jpg\" alt=\"\" class=\"wp-image-40259\"\/><\/figure>\n\n\n\n<figure class=\"wp-block-image size-large\"><img loading=\"lazy\" width=\"1024\" height=\"768\" data-id=\"40261\"  src=\"https:\/\/www.obispado-mdp.org.ar\/a\/wp-content\/uploads\/2023\/05\/IMG-20230514-WA0012-1024x768.jpg\" alt=\"\" class=\"wp-image-40261\"\/><\/figure>\n\n\n\n<figure class=\"wp-block-image size-large\"><img loading=\"lazy\" width=\"768\" height=\"1024\" data-id=\"40262\"  src=\"https:\/\/www.obispado-mdp.org.ar\/a\/wp-content\/uploads\/2023\/05\/IMG-20230514-WA0017-768x1024.jpg\" alt=\"\" class=\"wp-image-40262\"\/><\/figure>\n\n\n\n<figure class=\"wp-block-image size-large\"><img loading=\"lazy\" width=\"1024\" height=\"768\" data-id=\"40263\"  src=\"https:\/\/www.obispado-mdp.org.ar\/a\/wp-content\/uploads\/2023\/05\/IMG-20230514-WA0014-1024x768.jpg\" alt=\"\" class=\"wp-image-40263\"\/><\/figure>\n\n\n\n<figure class=\"wp-block-image size-large\"><img loading=\"lazy\" width=\"1024\" height=\"768\" data-id=\"40264\"  src=\"https:\/\/www.obispado-mdp.org.ar\/a\/wp-content\/uploads\/2023\/05\/IMG-20230514-WA0015-1024x768.jpg\" alt=\"\" class=\"wp-image-40264\"\/><\/figure>\n\n\n\n<figure class=\"wp-block-image size-large\"><img loading=\"lazy\" width=\"768\" height=\"1024\" data-id=\"40260\"  src=\"https:\/\/www.obispado-mdp.org.ar\/a\/wp-content\/uploads\/2023\/05\/IMG-20230514-WA0011-768x1024.jpg\" alt=\"\" class=\"wp-image-40260\"\/><\/figure>\n<\/figure>\n","protected":false},"excerpt":{"rendered":"<p>Este domingo y con motivo del 50 aniversario de C\u00e1ritas, se celebr\u00f3 la misa en la Iglesia Catedral, presidida por el padre Obispo y Presidente de C\u00e1ritas, Monse\u00f1or Gabriel Mestre, el vicepresidente de C\u00e1ritas, Presb\u00edtero Hern\u00e1n David y qui\u00e9n fuera tambi\u00e9n vicepresidente Presb\u00edtero Fabi\u00e1n Ya\u00f1ez. El Obispo en su homil\u00eda resalt\u00f3, en sus cl\u00e1sicos 3 [&hellip;]<\/p>\n","protected":false},"author":4,"featured_media":40265,"comment_status":"open","ping_status":"open","sticky":false,"template":"","format":"standard","meta":{"_et_pb_use_builder":"","_et_pb_old_content":"","_et_gb_content_width":""},"categories":[4],"tags":[],"aioseo_notices":[],"_links":{"self":[{"href":"https:\/\/www.obispado-mdp.org.ar\/a\/wp-json\/wp\/v2\/posts\/40257"}],"collection":[{"href":"https:\/\/www.obispado-mdp.org.ar\/a\/wp-json\/wp\/v2\/posts"}],"about":[{"href":"https:\/\/www.obispado-mdp.org.ar\/a\/wp-json\/wp\/v2\/types\/post"}],"author":[{"embeddable":true,"href":"https:\/\/www.obispado-mdp.org.ar\/a\/wp-json\/wp\/v2\/users\/4"}],"replies":[{"embeddable":true,"href":"https:\/\/www.obispado-mdp.org.ar\/a\/wp-json\/wp\/v2\/comments?post=40257"}],"version-history":[{"count":1,"href":"https:\/\/www.obispado-mdp.org.ar\/a\/wp-json\/wp\/v2\/posts\/40257\/revisions"}],"predecessor-version":[{"id":40266,"href":"https:\/\/www.obispado-mdp.org.ar\/a\/wp-json\/wp\/v2\/posts\/40257\/revisions\/40266"}],"wp:featuredmedia":[{"embeddable":true,"href":"https:\/\/www.obispado-mdp.org.ar\/a\/wp-json\/wp\/v2\/media\/40265"}],"wp:attachment":[{"href":"https:\/\/www.obispado-mdp.org.ar\/a\/wp-json\/wp\/v2\/media?parent=40257"}],"wp:term":[{"taxonomy":"category","embeddable":true,"href":"https:\/\/www.obispado-mdp.org.ar\/a\/wp-json\/wp\/v2\/categories?post=40257"},{"taxonomy":"post_tag","embeddable":true,"href":"https:\/\/www.obispado-mdp.org.ar\/a\/wp-json\/wp\/v2\/tags?post=40257"}],"curies":[{"name":"wp","href":"https:\/\/api.w.org\/{rel}","templated":true}]}}