{"id":40293,"date":"2023-05-15T12:42:25","date_gmt":"2023-05-15T15:42:25","guid":{"rendered":"https:\/\/www.obispado-mdp.org.ar\/a\/?p=40293"},"modified":"2023-05-15T12:42:26","modified_gmt":"2023-05-15T15:42:26","slug":"profundo-dolor-en-caritas-por-el-fallecimiento-de-tomas-montes","status":"publish","type":"post","link":"https:\/\/www.obispado-mdp.org.ar\/a\/profundo-dolor-en-caritas-por-el-fallecimiento-de-tomas-montes\/","title":{"rendered":"PROFUNDO DOLOR EN CARITAS POR EL FALLECIMIENTO DE TOMAS MONTES."},"content":{"rendered":"\n<p class=\"has-pale-cyan-blue-background-color has-background\"><strong>El obispado del Mar del Plata y la comunidad de C\u00e1ritas expresan su profundo dolor por el fallecimiento de Tomas Montes que se desempe\u00f1\u00f3 como voluntario de la instituci\u00f3n de caridad.<\/strong><\/p>\n\n\n\n<p>Tom\u00e1s Montes se sum\u00f3 al voluntariado de C\u00e1ritas Diocesana en Mayo del 2022. Luego comenz\u00f3 a colaborar en el servicio de desayunos en C\u00e1ritas Catedral. Asist\u00eda a misa Dominical junto a su familia en la Iglesia Catedral de nuestra ciudad.&nbsp;<\/p>\n\n\n\n<p>En la confianza de que la muerte no es el fin sino el paso a la vida eterna, pedimos a Jes\u00fas y a la Virgen de Luj\u00e1n por el descanso eterno de Tom\u00e1s. Asimismo deseamos a su familia el don de la esperanza y del consuelo, que puedan descubrir la luz de la presencia en Jesucristo, nuestro Camino, Verdad y Vida.&nbsp;<\/p>\n","protected":false},"excerpt":{"rendered":"<p>El obispado del Mar del Plata y la comunidad de C\u00e1ritas expresan su profundo dolor por el fallecimiento de Tomas Montes que se desempe\u00f1\u00f3 como voluntario de la instituci\u00f3n de caridad. Tom\u00e1s Montes se sum\u00f3 al voluntariado de C\u00e1ritas Diocesana en Mayo del 2022. Luego comenz\u00f3 a colaborar en el servicio de desayunos en C\u00e1ritas [&hellip;]<\/p>\n","protected":false},"author":4,"featured_media":40294,"comment_status":"open","ping_status":"open","sticky":false,"template":"","format":"standard","meta":{"_et_pb_use_builder":"","_et_pb_old_content":"","_et_gb_content_width":""},"categories":[4],"tags":[],"aioseo_notices":[],"_links":{"self":[{"href":"https:\/\/www.obispado-mdp.org.ar\/a\/wp-json\/wp\/v2\/posts\/40293"}],"collection":[{"href":"https:\/\/www.obispado-mdp.org.ar\/a\/wp-json\/wp\/v2\/posts"}],"about":[{"href":"https:\/\/www.obispado-mdp.org.ar\/a\/wp-json\/wp\/v2\/types\/post"}],"author":[{"embeddable":true,"href":"https:\/\/www.obispado-mdp.org.ar\/a\/wp-json\/wp\/v2\/users\/4"}],"replies":[{"embeddable":true,"href":"https:\/\/www.obispado-mdp.org.ar\/a\/wp-json\/wp\/v2\/comments?post=40293"}],"version-history":[{"count":1,"href":"https:\/\/www.obispado-mdp.org.ar\/a\/wp-json\/wp\/v2\/posts\/40293\/revisions"}],"predecessor-version":[{"id":40295,"href":"https:\/\/www.obispado-mdp.org.ar\/a\/wp-json\/wp\/v2\/posts\/40293\/revisions\/40295"}],"wp:featuredmedia":[{"embeddable":true,"href":"https:\/\/www.obispado-mdp.org.ar\/a\/wp-json\/wp\/v2\/media\/40294"}],"wp:attachment":[{"href":"https:\/\/www.obispado-mdp.org.ar\/a\/wp-json\/wp\/v2\/media?parent=40293"}],"wp:term":[{"taxonomy":"category","embeddable":true,"href":"https:\/\/www.obispado-mdp.org.ar\/a\/wp-json\/wp\/v2\/categories?post=40293"},{"taxonomy":"post_tag","embeddable":true,"href":"https:\/\/www.obispado-mdp.org.ar\/a\/wp-json\/wp\/v2\/tags?post=40293"}],"curies":[{"name":"wp","href":"https:\/\/api.w.org\/{rel}","templated":true}]}}