{"id":40305,"date":"2023-05-20T16:40:33","date_gmt":"2023-05-20T19:40:33","guid":{"rendered":"https:\/\/www.obispado-mdp.org.ar\/a\/?p=40305"},"modified":"2023-05-20T16:41:17","modified_gmt":"2023-05-20T19:41:17","slug":"jornada-de-formacion-sobre-la-familia","status":"publish","type":"post","link":"https:\/\/www.obispado-mdp.org.ar\/a\/jornada-de-formacion-sobre-la-familia\/","title":{"rendered":"JORNADA DE FORMACI\u00d3N SOBRE LA FAMILIA."},"content":{"rendered":"\n<p class=\"has-pale-cyan-blue-background-color has-background\"><strong>Este s\u00e1bado se desarroll\u00f3 en el Cedier una instancia de Formaci\u00f3n sobre familia \u201cAcompa\u00f1ando la Familia como viene\u201d, organizada conjuntamente por la Pastoral Familiar y el Secretariado para la Catequesis Renovada de la Di\u00f3cesis de Mar del Plata.<\/strong><\/p>\n\n\n\n<p>En el transcurso de la ma\u00f1ana, nuestro <strong>Padre Obispo Gabriel<\/strong> dialog\u00f3 con Fernando Desteffaniz, representante de Schollas Ocurrente, sobre las inquietudes que los j\u00f3venes presentan en sus \u00e1mbitos familiares. A continuaci\u00f3n, respondi\u00f3, en un clima de apertura y fraternidad, a las preguntas que los presentes realizaron sobre los siguientes temas:<\/p>\n\n\n\n<p>1) Violencia<\/p>\n\n\n\n<p>2) Abuso Sexual<\/p>\n\n\n\n<p>3) G\u00e9nero<\/p>\n\n\n\n<p>4) Lenguaje Inclusivo<\/p>\n\n\n\n<p>5) Modelos Familiares Diversos<\/p>\n\n\n\n<p>6) Homosexualidad y Autopercepciones<\/p>\n\n\n\n<p>7) Aborto<\/p>\n\n\n\n<p>8) Relaciones Sexuales Prematrimoniales Y Anticoncepci\u00f3n<\/p>\n\n\n\n<p>9) Masturbaci\u00f3n y&nbsp; Pornograf\u00eda<\/p>\n\n\n\n<p>10) Dialogo Intergeneracional<\/p>\n\n\n\n<p>11) Integraci\u00f3n Personas Con Discapacidad<\/p>\n\n\n\n<p>12) Baja Autoestima, Depresi\u00f3n Y Suicidio<\/p>\n\n\n\n<p>13) Gesti\u00f3n De Las Emociones<\/p>\n\n\n\n<p>14)&nbsp; Adicciones<\/p>\n\n\n\n<p>Concluy\u00e9ndose que es necesario tener matices en las respuestas que damos como cristianos, parados desde la vida como viene, no dando respuestas cerradas, arriesg\u00e1ndonos a buscar el bien posible sin negociar la vida. El camino es el acompa\u00f1amiento y la escucha, generando instancias que lo permitan.<\/p>\n\n\n\n<p>En un segundo momento de la ma\u00f1ana, la Lic. Nora Pompa, delegada episcopal de familia, disert\u00f3 sobre los conflictos en los v\u00ednculos y los roles de g\u00e9nero dentro de las Nuevas Configuraciones Familiares, presentando los servicios que desde la Di\u00f3cesis se ofrecen para el acompa\u00f1amiento y contenci\u00f3n de las diversas realidades familiares (Consultor\u00edas Familiares, Proyecto Esperanza, Si Quiero y Pastoral de Adultos Mayores)<\/p>\n\n\n\n<p>Durante la tarde, los asistentes participaron de diversos talleres a su elecci\u00f3n, en donde se trabajaron los temas de Violencia en el \u00e1mbito familiar, Prevenci\u00f3n del consumo problem\u00e1tico y Adicciones, Salud Mental, Discapacidad, Adultos Mayores y di\u00e1logo intergeneracional, Gesti\u00f3n de las emociones, ESI (Educaci\u00f3n Sexual Integral), Secuelas post aborto.<\/p>\n\n\n\n<p>Cerrando la Jornada con un momento de oraci\u00f3n.<\/p>\n\n\n\n<figure class=\"wp-container-2 wp-block-gallery-1 wp-block-gallery has-nested-images columns-default is-cropped\">\n<figure class=\"wp-block-image size-large\"><img loading=\"lazy\" width=\"1024\" height=\"768\" data-id=\"40309\"  src=\"https:\/\/www.obispado-mdp.org.ar\/a\/wp-content\/uploads\/2023\/05\/91c87670-21e6-4b0d-9ff7-10ddb46a37a1-copia-1024x768.jpg\" alt=\"\" class=\"wp-image-40309\"\/><\/figure>\n\n\n\n<figure class=\"wp-block-image size-large\"><img loading=\"lazy\" width=\"1024\" height=\"768\" data-id=\"40306\"  src=\"https:\/\/www.obispado-mdp.org.ar\/a\/wp-content\/uploads\/2023\/05\/d8a9b21a-3a22-42c3-a170-9792e6f298f1-1024x768.jpg\" alt=\"\" class=\"wp-image-40306\"\/><\/figure>\n\n\n\n<figure class=\"wp-block-image size-large\"><img loading=\"lazy\" width=\"1024\" height=\"944\" data-id=\"40308\"  src=\"https:\/\/www.obispado-mdp.org.ar\/a\/wp-content\/uploads\/2023\/05\/e4f835f2-24cb-4710-8314-9a879392931d-1024x944.jpg\" alt=\"\" class=\"wp-image-40308\"\/><\/figure>\n\n\n\n<figure class=\"wp-block-image size-large\"><img loading=\"lazy\" width=\"1024\" height=\"768\" data-id=\"40307\"  src=\"https:\/\/www.obispado-mdp.org.ar\/a\/wp-content\/uploads\/2023\/05\/f6f4d860-d6e5-4c50-8910-9405b842288d-1024x768.jpg\" alt=\"\" class=\"wp-image-40307\"\/><\/figure>\n<\/figure>\n","protected":false},"excerpt":{"rendered":"<p>Este s\u00e1bado se desarroll\u00f3 en el Cedier una instancia de Formaci\u00f3n sobre familia \u201cAcompa\u00f1ando la Familia como viene\u201d, organizada conjuntamente por la Pastoral Familiar y el Secretariado para la Catequesis Renovada de la Di\u00f3cesis de Mar del Plata. En el transcurso de la ma\u00f1ana, nuestro Padre Obispo Gabriel dialog\u00f3 con Fernando Desteffaniz, representante de Schollas [&hellip;]<\/p>\n","protected":false},"author":4,"featured_media":40310,"comment_status":"open","ping_status":"open","sticky":false,"template":"","format":"standard","meta":{"_et_pb_use_builder":"","_et_pb_old_content":"","_et_gb_content_width":""},"categories":[4],"tags":[],"aioseo_notices":[],"_links":{"self":[{"href":"https:\/\/www.obispado-mdp.org.ar\/a\/wp-json\/wp\/v2\/posts\/40305"}],"collection":[{"href":"https:\/\/www.obispado-mdp.org.ar\/a\/wp-json\/wp\/v2\/posts"}],"about":[{"href":"https:\/\/www.obispado-mdp.org.ar\/a\/wp-json\/wp\/v2\/types\/post"}],"author":[{"embeddable":true,"href":"https:\/\/www.obispado-mdp.org.ar\/a\/wp-json\/wp\/v2\/users\/4"}],"replies":[{"embeddable":true,"href":"https:\/\/www.obispado-mdp.org.ar\/a\/wp-json\/wp\/v2\/comments?post=40305"}],"version-history":[{"count":2,"href":"https:\/\/www.obispado-mdp.org.ar\/a\/wp-json\/wp\/v2\/posts\/40305\/revisions"}],"predecessor-version":[{"id":40313,"href":"https:\/\/www.obispado-mdp.org.ar\/a\/wp-json\/wp\/v2\/posts\/40305\/revisions\/40313"}],"wp:featuredmedia":[{"embeddable":true,"href":"https:\/\/www.obispado-mdp.org.ar\/a\/wp-json\/wp\/v2\/media\/40310"}],"wp:attachment":[{"href":"https:\/\/www.obispado-mdp.org.ar\/a\/wp-json\/wp\/v2\/media?parent=40305"}],"wp:term":[{"taxonomy":"category","embeddable":true,"href":"https:\/\/www.obispado-mdp.org.ar\/a\/wp-json\/wp\/v2\/categories?post=40305"},{"taxonomy":"post_tag","embeddable":true,"href":"https:\/\/www.obispado-mdp.org.ar\/a\/wp-json\/wp\/v2\/tags?post=40305"}],"curies":[{"name":"wp","href":"https:\/\/api.w.org\/{rel}","templated":true}]}}