{"id":40314,"date":"2023-05-20T21:33:34","date_gmt":"2023-05-21T00:33:34","guid":{"rendered":"https:\/\/www.obispado-mdp.org.ar\/a\/?p=40314"},"modified":"2023-05-20T22:30:28","modified_gmt":"2023-05-21T01:30:28","slug":"dolor-por-la-muerte-de-enrique-cabrales","status":"publish","type":"post","link":"https:\/\/www.obispado-mdp.org.ar\/a\/dolor-por-la-muerte-de-enrique-cabrales\/","title":{"rendered":"DOLOR POR LA MUERTE DE ANTONIO \u00abQUIQUE\u00bb CABRALES."},"content":{"rendered":"\n<p class=\"has-pale-cyan-blue-background-color has-background\">E<strong>l padre obispo Gabriel Mestre y toda la comunidad diocesana se unen a las muestras de dolor por el fallecimiento de Antonio Quique Cabrales, un verdadero protagonista de la vida de la ciudad.<\/strong><\/p>\n\n\n\n<p>Cabrales ser\u00e1 recordado en la di\u00f3cesis como uno de los grandes colaboradores en todas las iniciativas eclesiales, siendo adem\u00e1s activo participante y consultor de los distintos obispos de la di\u00f3cesis de los \u00faltimos a\u00f1os. Particip\u00f3 en el Consejo de Asuntos Econ\u00f3micos de los obispos R\u00f3mulo <a><\/a>Garc\u00eda, Jos\u00e9 Mar\u00eda Arancedo, Juan Alberto Puiggari, Antonio Marino y, \u00faltimamente con Gabriel Mestre.<\/p>\n\n\n\n<p>El paso de Quique por nuestras vidas nos deja una luz que es ejemplo de servicio y amor por la ciudad.<\/p>\n\n\n\n<p>Pedimos y oramos a Dios para que abrace a Quique con su paz y lo cubra con su amor, tambi\u00e9n oramos por el cristiano consuelo de la familia Cabrales que seguir\u00e1 su legado de trabajo por el bien de la comunidad.<\/p>\n","protected":false},"excerpt":{"rendered":"<p>El padre obispo Gabriel Mestre y toda la comunidad diocesana se unen a las muestras de dolor por el fallecimiento de Antonio Quique Cabrales, un verdadero protagonista de la vida de la ciudad. Cabrales ser\u00e1 recordado en la di\u00f3cesis como uno de los grandes colaboradores en todas las iniciativas eclesiales, siendo adem\u00e1s activo participante y [&hellip;]<\/p>\n","protected":false},"author":4,"featured_media":40315,"comment_status":"open","ping_status":"open","sticky":false,"template":"","format":"standard","meta":{"_et_pb_use_builder":"","_et_pb_old_content":"","_et_gb_content_width":""},"categories":[4],"tags":[],"aioseo_notices":[],"_links":{"self":[{"href":"https:\/\/www.obispado-mdp.org.ar\/a\/wp-json\/wp\/v2\/posts\/40314"}],"collection":[{"href":"https:\/\/www.obispado-mdp.org.ar\/a\/wp-json\/wp\/v2\/posts"}],"about":[{"href":"https:\/\/www.obispado-mdp.org.ar\/a\/wp-json\/wp\/v2\/types\/post"}],"author":[{"embeddable":true,"href":"https:\/\/www.obispado-mdp.org.ar\/a\/wp-json\/wp\/v2\/users\/4"}],"replies":[{"embeddable":true,"href":"https:\/\/www.obispado-mdp.org.ar\/a\/wp-json\/wp\/v2\/comments?post=40314"}],"version-history":[{"count":4,"href":"https:\/\/www.obispado-mdp.org.ar\/a\/wp-json\/wp\/v2\/posts\/40314\/revisions"}],"predecessor-version":[{"id":40319,"href":"https:\/\/www.obispado-mdp.org.ar\/a\/wp-json\/wp\/v2\/posts\/40314\/revisions\/40319"}],"wp:featuredmedia":[{"embeddable":true,"href":"https:\/\/www.obispado-mdp.org.ar\/a\/wp-json\/wp\/v2\/media\/40315"}],"wp:attachment":[{"href":"https:\/\/www.obispado-mdp.org.ar\/a\/wp-json\/wp\/v2\/media?parent=40314"}],"wp:term":[{"taxonomy":"category","embeddable":true,"href":"https:\/\/www.obispado-mdp.org.ar\/a\/wp-json\/wp\/v2\/categories?post=40314"},{"taxonomy":"post_tag","embeddable":true,"href":"https:\/\/www.obispado-mdp.org.ar\/a\/wp-json\/wp\/v2\/tags?post=40314"}],"curies":[{"name":"wp","href":"https:\/\/api.w.org\/{rel}","templated":true}]}}