{"id":40320,"date":"2023-05-21T21:38:00","date_gmt":"2023-05-22T00:38:00","guid":{"rendered":"https:\/\/www.obispado-mdp.org.ar\/a\/?p=40320"},"modified":"2023-05-21T17:19:50","modified_gmt":"2023-05-21T20:19:50","slug":"nos-preparamos-para-misionar","status":"publish","type":"post","link":"https:\/\/www.obispado-mdp.org.ar\/a\/nos-preparamos-para-misionar\/","title":{"rendered":"\u00a1NOS PREPARAMOS PARA MISIONAR!"},"content":{"rendered":"\n<p class=\"has-pale-cyan-blue-background-color has-background\"><strong>Como Di\u00f3cesis de Mar del Plata saldremos a \u201canunciar la alegr\u00eda de la vida en Cristo\u201d en el marco de una Misi\u00f3n Diocesana que se llevar\u00e1 a cabo entre el 25 de septiembre y el 8 de octubre pr\u00f3ximos.<\/strong><\/p>\n\n\n\n<p>El fin de semana de Pentecost\u00e9s (27 y 28 de mayo) todos recibiremos el \u201cenv\u00edo misionero\u201d ya que TODOS SEREMOS MISIONEROS: algunos saldr\u00e1n a misionar pero toda la comunidad se pondr\u00e1 en din\u00e1mica misionera y buscar\u00e1 sostener la misi\u00f3n desde la oraci\u00f3n, y los recursos materiales necesarios para toda obra apost\u00f3lica.<\/p>\n\n\n\n<p>\u201c\u00a1VOS SOS MI HIJO AMADO!\u201d ser\u00e1 el anuncio que resonar\u00e1 en nuestra Iglesia Particular: anunciamos a Jes\u00fas, el Hijo amado de Dios, y tambi\u00e9n que todos somos sus hijos amados.<\/p>\n\n\n\n<p>\u00a1Todos a misionar!<\/p>\n\n\n\n<figure class=\"wp-block-video\"><video controls src=\"https:\/\/www.obispado-mdp.org.ar\/a\/wp-content\/uploads\/2023\/05\/Misa-de-Envio-Misionero-en-todas-las-parroquias-de-la-diocesis-Mision-Diocesana-2023-Post-de-Facebook-Horizontal-Video-1.mp4\"><\/video><\/figure>\n","protected":false},"excerpt":{"rendered":"<p>Como Di\u00f3cesis de Mar del Plata saldremos a \u201canunciar la alegr\u00eda de la vida en Cristo\u201d en el marco de una Misi\u00f3n Diocesana que se llevar\u00e1 a cabo entre el 25 de septiembre y el 8 de octubre pr\u00f3ximos. El fin de semana de Pentecost\u00e9s (27 y 28 de mayo) todos recibiremos el \u201cenv\u00edo misionero\u201d [&hellip;]<\/p>\n","protected":false},"author":4,"featured_media":40322,"comment_status":"open","ping_status":"open","sticky":false,"template":"","format":"standard","meta":{"_et_pb_use_builder":"","_et_pb_old_content":"","_et_gb_content_width":""},"categories":[4,12],"tags":[],"aioseo_notices":[],"_links":{"self":[{"href":"https:\/\/www.obispado-mdp.org.ar\/a\/wp-json\/wp\/v2\/posts\/40320"}],"collection":[{"href":"https:\/\/www.obispado-mdp.org.ar\/a\/wp-json\/wp\/v2\/posts"}],"about":[{"href":"https:\/\/www.obispado-mdp.org.ar\/a\/wp-json\/wp\/v2\/types\/post"}],"author":[{"embeddable":true,"href":"https:\/\/www.obispado-mdp.org.ar\/a\/wp-json\/wp\/v2\/users\/4"}],"replies":[{"embeddable":true,"href":"https:\/\/www.obispado-mdp.org.ar\/a\/wp-json\/wp\/v2\/comments?post=40320"}],"version-history":[{"count":1,"href":"https:\/\/www.obispado-mdp.org.ar\/a\/wp-json\/wp\/v2\/posts\/40320\/revisions"}],"predecessor-version":[{"id":40323,"href":"https:\/\/www.obispado-mdp.org.ar\/a\/wp-json\/wp\/v2\/posts\/40320\/revisions\/40323"}],"wp:featuredmedia":[{"embeddable":true,"href":"https:\/\/www.obispado-mdp.org.ar\/a\/wp-json\/wp\/v2\/media\/40322"}],"wp:attachment":[{"href":"https:\/\/www.obispado-mdp.org.ar\/a\/wp-json\/wp\/v2\/media?parent=40320"}],"wp:term":[{"taxonomy":"category","embeddable":true,"href":"https:\/\/www.obispado-mdp.org.ar\/a\/wp-json\/wp\/v2\/categories?post=40320"},{"taxonomy":"post_tag","embeddable":true,"href":"https:\/\/www.obispado-mdp.org.ar\/a\/wp-json\/wp\/v2\/tags?post=40320"}],"curies":[{"name":"wp","href":"https:\/\/api.w.org\/{rel}","templated":true}]}}