{"id":40361,"date":"2023-06-30T18:30:00","date_gmt":"2023-06-30T21:30:00","guid":{"rendered":"https:\/\/www.obispado-mdp.org.ar\/a\/?p=40361"},"modified":"2023-05-24T19:55:03","modified_gmt":"2023-05-24T22:55:03","slug":"evangelio-segun-san-mateo-85-17-2","status":"publish","type":"post","link":"https:\/\/www.obispado-mdp.org.ar\/a\/evangelio-segun-san-mateo-85-17-2\/","title":{"rendered":"Evangelio seg\u00fan San Mateo\u00a08,5-17."},"content":{"rendered":"\n<p>Al entrar en Cafarna\u00fan, se le acerc\u00f3 un centuri\u00f3n, rog\u00e1ndole\u00bb:<br>\u00abSe\u00f1or, mi sirviente est\u00e1 en casa enfermo de par\u00e1lisis y sufre terriblemente\u00bb.<br>Jes\u00fas le dijo: \u00abYo mismo ir\u00e9 a curarlo\u00bb.<br>Pero el centuri\u00f3n respondi\u00f3: \u00abSe\u00f1or, no soy digno de que entres en mi casa; basta que digas una palabra y mi sirviente se sanar\u00e1.<br>Porque cuando yo, que no soy m\u00e1s que un oficial subalterno, digo a uno de los soldados que est\u00e1n a mis \u00f3rdenes: &#8216;Ve&#8217;, \u00e9l va, y a otro: &#8216;Ven&#8217;, \u00e9l viene; y cuando digo a mi sirviente: &#8216;Tienes que hacer esto&#8217;, \u00e9l lo hace\u00bb.<br>Al o\u00edrlo, Jes\u00fas qued\u00f3 admirado y dijo a los que lo segu\u00edan: \u00abLes aseguro que no he encontrado a nadie en Israel que tenga tanta fe.<br>Por eso les digo que muchos vendr\u00e1n de Oriente y de Occidente, y se sentar\u00e1n a la mesa con Abraham, Isaac y Jacob, en el Reino de los Cielos\u00bb.<br>en cambio, los herederos del Reino ser\u00e1n arrojados afuera, a las tinieblas, donde habr\u00e1 llantos y rechinar de dientes\u00bb.<br>Y Jes\u00fas dijo al centuri\u00f3n: \u00abVe, y que suceda como has cre\u00eddo\u00bb. Y el sirviente se cur\u00f3 en ese mismo momento.<br>Cuando Jes\u00fas lleg\u00f3 a la casa de Pedro, encontr\u00f3 a la suegra de este en cama con fiebre.<br>Le toc\u00f3 la mano y se le pas\u00f3 la fiebre. Ella se levant\u00f3 y se puso a servirlo.<br>Al atardecer, le llevaron muchos endemoniados, y \u00e9l, con su palabra, expuls\u00f3 a los esp\u00edritus y cur\u00f3 a todos los que estaban enfermos,<br>para que se cumpliera lo que hab\u00eda sido anunciado por el profeta Isa\u00edas: El tom\u00f3 nuestras debilidades y carg\u00f3 sobre s\u00ed nuestras enfermedades.<\/p>\n\n\n\n<p class=\"has-text-align-right\"><em>Extra\u00eddo de la Biblia: Libro del Pueblo de Dios. <\/em><\/p>\n","protected":false},"excerpt":{"rendered":"<p>Al entrar en Cafarna\u00fan, se le acerc\u00f3 un centuri\u00f3n, rog\u00e1ndole\u00bb:\u00abSe\u00f1or, mi sirviente est\u00e1 en casa enfermo de par\u00e1lisis y sufre terriblemente\u00bb.Jes\u00fas le dijo: \u00abYo mismo ir\u00e9 a curarlo\u00bb.Pero el centuri\u00f3n respondi\u00f3: \u00abSe\u00f1or, no soy digno de que entres en mi casa; basta que digas una palabra y mi sirviente se sanar\u00e1.Porque cuando yo, que no [&hellip;]<\/p>\n","protected":false},"author":3,"featured_media":31454,"comment_status":"open","ping_status":"closed","sticky":false,"template":"","format":"standard","meta":{"_et_pb_use_builder":"off","_et_pb_old_content":"<!-- wp:paragraph -->\n<p> Al atardecer de ese mismo d\u00eda, el primero de la semana, estando cerradas las puertas del lugar donde se encontraban los disc\u00edpulos, por temor a los jud\u00edos, lleg\u00f3 Jes\u00fas y poni\u00e9ndose en medio de ellos, les dijo: \"\u00a1La paz est\u00e9 con ustedes!\".<br>Mientras dec\u00eda esto, les mostr\u00f3 sus manos y su costado. Los disc\u00edpulos se llenaron de alegr\u00eda cuando vieron al Se\u00f1or.<br>Jes\u00fas les dijo de nuevo: \"\u00a1La paz est\u00e9 con ustedes! Como el Padre me envi\u00f3 a m\u00ed, yo tambi\u00e9n los env\u00edo a ustedes\".<br>Al decirles esto, sopl\u00f3 sobre ellos y a\u00f1adi\u00f3: \"Reciban el Esp\u00edritu Santo.<br>Los pecados ser\u00e1n perdonados a los que ustedes se los perdonen, y ser\u00e1n retenidos a los que ustedes se los retengan\". <\/p>\n<!-- \/wp:paragraph -->\n\n<!-- wp:paragraph {\"align\":\"right\"} -->\n<p class=\"has-text-align-right\"><em>Extra\u00eddo de la Biblia: Libro del Pueblo de Dios. <\/em><\/p>\n<!-- \/wp:paragraph -->","_et_gb_content_width":""},"categories":[6],"tags":[],"aioseo_notices":[],"_links":{"self":[{"href":"https:\/\/www.obispado-mdp.org.ar\/a\/wp-json\/wp\/v2\/posts\/40361"}],"collection":[{"href":"https:\/\/www.obispado-mdp.org.ar\/a\/wp-json\/wp\/v2\/posts"}],"about":[{"href":"https:\/\/www.obispado-mdp.org.ar\/a\/wp-json\/wp\/v2\/types\/post"}],"author":[{"embeddable":true,"href":"https:\/\/www.obispado-mdp.org.ar\/a\/wp-json\/wp\/v2\/users\/3"}],"replies":[{"embeddable":true,"href":"https:\/\/www.obispado-mdp.org.ar\/a\/wp-json\/wp\/v2\/comments?post=40361"}],"version-history":[{"count":1,"href":"https:\/\/www.obispado-mdp.org.ar\/a\/wp-json\/wp\/v2\/posts\/40361\/revisions"}],"predecessor-version":[{"id":40362,"href":"https:\/\/www.obispado-mdp.org.ar\/a\/wp-json\/wp\/v2\/posts\/40361\/revisions\/40362"}],"wp:featuredmedia":[{"embeddable":true,"href":"https:\/\/www.obispado-mdp.org.ar\/a\/wp-json\/wp\/v2\/media\/31454"}],"wp:attachment":[{"href":"https:\/\/www.obispado-mdp.org.ar\/a\/wp-json\/wp\/v2\/media?parent=40361"}],"wp:term":[{"taxonomy":"category","embeddable":true,"href":"https:\/\/www.obispado-mdp.org.ar\/a\/wp-json\/wp\/v2\/categories?post=40361"},{"taxonomy":"post_tag","embeddable":true,"href":"https:\/\/www.obispado-mdp.org.ar\/a\/wp-json\/wp\/v2\/tags?post=40361"}],"curies":[{"name":"wp","href":"https:\/\/api.w.org\/{rel}","templated":true}]}}