{"id":40363,"date":"2023-07-01T18:30:00","date_gmt":"2023-07-01T21:30:00","guid":{"rendered":"https:\/\/www.obispado-mdp.org.ar\/a\/?p=40363"},"modified":"2023-05-24T19:56:01","modified_gmt":"2023-05-24T22:56:01","slug":"evangelio-segun-san-mateo-1037-42","status":"publish","type":"post","link":"https:\/\/www.obispado-mdp.org.ar\/a\/evangelio-segun-san-mateo-1037-42\/","title":{"rendered":"Evangelio seg\u00fan San Mateo\u00a010,37-42."},"content":{"rendered":"\n<p>El que ama a su padre o a su madre m\u00e1s que a m\u00ed, no es digno de m\u00ed; y el que ama a su hijo o a su hija m\u00e1s que a m\u00ed, no es digno de m\u00ed.<br>El que no toma su cruz y me sigue, no es digno de m\u00ed.<br>El que encuentre su vida, la perder\u00e1; y el que pierda su vida por m\u00ed, la encontrar\u00e1.<br>El que los recibe a ustedes, me recibe a m\u00ed; y el que me recibe, recibe a aquel que me envi\u00f3.<br>El que recibe a un profeta por ser profeta, tendr\u00e1 la recompensa de un profeta; y el que recibe a un justo por ser justo, tendr\u00e1 la recompensa de un justo.<br>Les aseguro que cualquiera que d\u00e9 de beber, aunque s\u00f3lo sea un vaso de agua fresca, a uno de estos peque\u00f1os por ser mi disc\u00edpulo, no quedar\u00e1 sin recompensa\u00bb.<\/p>\n\n\n\n<p class=\"has-text-align-right\"><em>Extra\u00eddo de la Biblia: Libro del Pueblo de Dios. <\/em><\/p>\n","protected":false},"excerpt":{"rendered":"<p>El que ama a su padre o a su madre m\u00e1s que a m\u00ed, no es digno de m\u00ed; y el que ama a su hijo o a su hija m\u00e1s que a m\u00ed, no es digno de m\u00ed.El que no toma su cruz y me sigue, no es digno de m\u00ed.El que encuentre su [&hellip;]<\/p>\n","protected":false},"author":3,"featured_media":31456,"comment_status":"open","ping_status":"closed","sticky":false,"template":"","format":"standard","meta":{"_et_pb_use_builder":"off","_et_pb_old_content":"<!-- wp:paragraph -->\n<p> Al atardecer de ese mismo d\u00eda, el primero de la semana, estando cerradas las puertas del lugar donde se encontraban los disc\u00edpulos, por temor a los jud\u00edos, lleg\u00f3 Jes\u00fas y poni\u00e9ndose en medio de ellos, les dijo: \"\u00a1La paz est\u00e9 con ustedes!\".<br>Mientras dec\u00eda esto, les mostr\u00f3 sus manos y su costado. Los disc\u00edpulos se llenaron de alegr\u00eda cuando vieron al Se\u00f1or.<br>Jes\u00fas les dijo de nuevo: \"\u00a1La paz est\u00e9 con ustedes! Como el Padre me envi\u00f3 a m\u00ed, yo tambi\u00e9n los env\u00edo a ustedes\".<br>Al decirles esto, sopl\u00f3 sobre ellos y a\u00f1adi\u00f3: \"Reciban el Esp\u00edritu Santo.<br>Los pecados ser\u00e1n perdonados a los que ustedes se los perdonen, y ser\u00e1n retenidos a los que ustedes se los retengan\". <\/p>\n<!-- \/wp:paragraph -->\n\n<!-- wp:paragraph {\"align\":\"right\"} -->\n<p class=\"has-text-align-right\"><em>Extra\u00eddo de la Biblia: Libro del Pueblo de Dios. <\/em><\/p>\n<!-- \/wp:paragraph -->","_et_gb_content_width":""},"categories":[6],"tags":[],"aioseo_notices":[],"_links":{"self":[{"href":"https:\/\/www.obispado-mdp.org.ar\/a\/wp-json\/wp\/v2\/posts\/40363"}],"collection":[{"href":"https:\/\/www.obispado-mdp.org.ar\/a\/wp-json\/wp\/v2\/posts"}],"about":[{"href":"https:\/\/www.obispado-mdp.org.ar\/a\/wp-json\/wp\/v2\/types\/post"}],"author":[{"embeddable":true,"href":"https:\/\/www.obispado-mdp.org.ar\/a\/wp-json\/wp\/v2\/users\/3"}],"replies":[{"embeddable":true,"href":"https:\/\/www.obispado-mdp.org.ar\/a\/wp-json\/wp\/v2\/comments?post=40363"}],"version-history":[{"count":1,"href":"https:\/\/www.obispado-mdp.org.ar\/a\/wp-json\/wp\/v2\/posts\/40363\/revisions"}],"predecessor-version":[{"id":40364,"href":"https:\/\/www.obispado-mdp.org.ar\/a\/wp-json\/wp\/v2\/posts\/40363\/revisions\/40364"}],"wp:featuredmedia":[{"embeddable":true,"href":"https:\/\/www.obispado-mdp.org.ar\/a\/wp-json\/wp\/v2\/media\/31456"}],"wp:attachment":[{"href":"https:\/\/www.obispado-mdp.org.ar\/a\/wp-json\/wp\/v2\/media?parent=40363"}],"wp:term":[{"taxonomy":"category","embeddable":true,"href":"https:\/\/www.obispado-mdp.org.ar\/a\/wp-json\/wp\/v2\/categories?post=40363"},{"taxonomy":"post_tag","embeddable":true,"href":"https:\/\/www.obispado-mdp.org.ar\/a\/wp-json\/wp\/v2\/tags?post=40363"}],"curies":[{"name":"wp","href":"https:\/\/api.w.org\/{rel}","templated":true}]}}