{"id":40369,"date":"2023-07-04T18:30:00","date_gmt":"2023-07-04T21:30:00","guid":{"rendered":"https:\/\/www.obispado-mdp.org.ar\/a\/?p=40369"},"modified":"2023-05-24T19:59:03","modified_gmt":"2023-05-24T22:59:03","slug":"evangelio-segun-san-mateo-828-34-2","status":"publish","type":"post","link":"https:\/\/www.obispado-mdp.org.ar\/a\/evangelio-segun-san-mateo-828-34-2\/","title":{"rendered":"Evangelio seg\u00fan San Mateo\u00a08,28-34."},"content":{"rendered":"\n<p>Cuando Jes\u00fas lleg\u00f3 a la otra orilla, a la regi\u00f3n de los gadarenos, fueron a su encuentro dos endemoniados que sal\u00edan de los sepulcros. Eran tan feroces, que nadie pod\u00eda pasar por ese camino.<br>Y comenzaron a gritar: \u00ab\u00bfQue quieres de nosotros, Hijo de Dios? \u00bfHas venido aqu\u00ed para atormentarnos antes de tiempo?\u00bb<br>A cierta distancia hab\u00eda una gran piara de cerdos paciendo.<br>Los demonios suplicaron a Jes\u00fas: \u00abSi vas a expulsarnos, env\u00edanos a esa piara\u00bb.<br>El les dijo: \u00abVayan\u00bb. Ellos salieron y entraron en los cerdos: estos se precipitaron al mar desde lo alto del acantilado, y se ahogaron.<br>Los cuidadores huyeron y fueron a la ciudad para llevar la noticia de todo lo que hab\u00eda sucedido con los endemoniados.<br>Toda la ciudad sali\u00f3 al encuentro de Jes\u00fas y, al verlo, le rogaron que se fuera de su territorio.<\/p>\n\n\n\n<p class=\"has-text-align-right\"><em>Extra\u00eddo de la Biblia: Libro del Pueblo de Dios. <\/em><\/p>\n","protected":false},"excerpt":{"rendered":"<p>Cuando Jes\u00fas lleg\u00f3 a la otra orilla, a la regi\u00f3n de los gadarenos, fueron a su encuentro dos endemoniados que sal\u00edan de los sepulcros. Eran tan feroces, que nadie pod\u00eda pasar por ese camino.Y comenzaron a gritar: \u00ab\u00bfQue quieres de nosotros, Hijo de Dios? \u00bfHas venido aqu\u00ed para atormentarnos antes de tiempo?\u00bbA cierta distancia hab\u00eda [&hellip;]<\/p>\n","protected":false},"author":3,"featured_media":31453,"comment_status":"open","ping_status":"closed","sticky":false,"template":"","format":"standard","meta":{"_et_pb_use_builder":"off","_et_pb_old_content":"<!-- wp:paragraph -->\n<p> Al atardecer de ese mismo d\u00eda, el primero de la semana, estando cerradas las puertas del lugar donde se encontraban los disc\u00edpulos, por temor a los jud\u00edos, lleg\u00f3 Jes\u00fas y poni\u00e9ndose en medio de ellos, les dijo: \"\u00a1La paz est\u00e9 con ustedes!\".<br>Mientras dec\u00eda esto, les mostr\u00f3 sus manos y su costado. Los disc\u00edpulos se llenaron de alegr\u00eda cuando vieron al Se\u00f1or.<br>Jes\u00fas les dijo de nuevo: \"\u00a1La paz est\u00e9 con ustedes! Como el Padre me envi\u00f3 a m\u00ed, yo tambi\u00e9n los env\u00edo a ustedes\".<br>Al decirles esto, sopl\u00f3 sobre ellos y a\u00f1adi\u00f3: \"Reciban el Esp\u00edritu Santo.<br>Los pecados ser\u00e1n perdonados a los que ustedes se los perdonen, y ser\u00e1n retenidos a los que ustedes se los retengan\". <\/p>\n<!-- \/wp:paragraph -->\n\n<!-- wp:paragraph {\"align\":\"right\"} -->\n<p class=\"has-text-align-right\"><em>Extra\u00eddo de la Biblia: Libro del Pueblo de Dios. <\/em><\/p>\n<!-- \/wp:paragraph -->","_et_gb_content_width":""},"categories":[6],"tags":[],"aioseo_notices":[],"_links":{"self":[{"href":"https:\/\/www.obispado-mdp.org.ar\/a\/wp-json\/wp\/v2\/posts\/40369"}],"collection":[{"href":"https:\/\/www.obispado-mdp.org.ar\/a\/wp-json\/wp\/v2\/posts"}],"about":[{"href":"https:\/\/www.obispado-mdp.org.ar\/a\/wp-json\/wp\/v2\/types\/post"}],"author":[{"embeddable":true,"href":"https:\/\/www.obispado-mdp.org.ar\/a\/wp-json\/wp\/v2\/users\/3"}],"replies":[{"embeddable":true,"href":"https:\/\/www.obispado-mdp.org.ar\/a\/wp-json\/wp\/v2\/comments?post=40369"}],"version-history":[{"count":1,"href":"https:\/\/www.obispado-mdp.org.ar\/a\/wp-json\/wp\/v2\/posts\/40369\/revisions"}],"predecessor-version":[{"id":40370,"href":"https:\/\/www.obispado-mdp.org.ar\/a\/wp-json\/wp\/v2\/posts\/40369\/revisions\/40370"}],"wp:featuredmedia":[{"embeddable":true,"href":"https:\/\/www.obispado-mdp.org.ar\/a\/wp-json\/wp\/v2\/media\/31453"}],"wp:attachment":[{"href":"https:\/\/www.obispado-mdp.org.ar\/a\/wp-json\/wp\/v2\/media?parent=40369"}],"wp:term":[{"taxonomy":"category","embeddable":true,"href":"https:\/\/www.obispado-mdp.org.ar\/a\/wp-json\/wp\/v2\/categories?post=40369"},{"taxonomy":"post_tag","embeddable":true,"href":"https:\/\/www.obispado-mdp.org.ar\/a\/wp-json\/wp\/v2\/tags?post=40369"}],"curies":[{"name":"wp","href":"https:\/\/api.w.org\/{rel}","templated":true}]}}