{"id":40383,"date":"2023-07-11T18:30:00","date_gmt":"2023-07-11T21:30:00","guid":{"rendered":"https:\/\/www.obispado-mdp.org.ar\/a\/?p=40383"},"modified":"2023-05-24T20:05:30","modified_gmt":"2023-05-24T23:05:30","slug":"evangelio-segun-san-mateo-101-7-3","status":"publish","type":"post","link":"https:\/\/www.obispado-mdp.org.ar\/a\/evangelio-segun-san-mateo-101-7-3\/","title":{"rendered":"Evangelio seg\u00fan San Mateo\u00a010,1-7."},"content":{"rendered":"\n<p>Jes\u00fas convoc\u00f3 a sus doce disc\u00edpulos y les dio el poder de expulsar a los esp\u00edritus impuros y de curar cualquier enfermedad o dolencia.<br>Los nombres de los doce Ap\u00f3stoles son: en primer lugar, Sim\u00f3n, de sobrenombre Pedro, y su hermano Andr\u00e9s; luego, Santiago, hijo de Zebedeo, y su hermano Juan;<br>Felipe y Bartolom\u00e9; Tom\u00e1s y Mateo, el publicano; Santiago, hijo de Alfeo, y Tadeo;<br>Sim\u00f3n, el Cananeo, y Judas Iscariote, el mismo que lo entreg\u00f3.<br>A estos Doce, Jes\u00fas los envi\u00f3 con las siguientes instrucciones: \u00abNo vayan a regiones paganas, ni entren en ninguna ciudad de los samaritanos.<br>\u00abVayan, en cambio, a las ovejas perdidas del pueblo de Israel.<br>Por el camino, proclamen que el Reino de los Cielos est\u00e1 cerca.<\/p>\n\n\n\n<p class=\"has-text-align-right\"><em>Extra\u00eddo de la Biblia: Libro del Pueblo de Dios. <\/em><\/p>\n","protected":false},"excerpt":{"rendered":"<p>Jes\u00fas convoc\u00f3 a sus doce disc\u00edpulos y les dio el poder de expulsar a los esp\u00edritus impuros y de curar cualquier enfermedad o dolencia.Los nombres de los doce Ap\u00f3stoles son: en primer lugar, Sim\u00f3n, de sobrenombre Pedro, y su hermano Andr\u00e9s; luego, Santiago, hijo de Zebedeo, y su hermano Juan;Felipe y Bartolom\u00e9; Tom\u00e1s y Mateo, [&hellip;]<\/p>\n","protected":false},"author":3,"featured_media":31453,"comment_status":"open","ping_status":"closed","sticky":false,"template":"","format":"standard","meta":{"_et_pb_use_builder":"off","_et_pb_old_content":"<!-- wp:paragraph -->\n<p> Al atardecer de ese mismo d\u00eda, el primero de la semana, estando cerradas las puertas del lugar donde se encontraban los disc\u00edpulos, por temor a los jud\u00edos, lleg\u00f3 Jes\u00fas y poni\u00e9ndose en medio de ellos, les dijo: \"\u00a1La paz est\u00e9 con ustedes!\".<br>Mientras dec\u00eda esto, les mostr\u00f3 sus manos y su costado. Los disc\u00edpulos se llenaron de alegr\u00eda cuando vieron al Se\u00f1or.<br>Jes\u00fas les dijo de nuevo: \"\u00a1La paz est\u00e9 con ustedes! Como el Padre me envi\u00f3 a m\u00ed, yo tambi\u00e9n los env\u00edo a ustedes\".<br>Al decirles esto, sopl\u00f3 sobre ellos y a\u00f1adi\u00f3: \"Reciban el Esp\u00edritu Santo.<br>Los pecados ser\u00e1n perdonados a los que ustedes se los perdonen, y ser\u00e1n retenidos a los que ustedes se los retengan\". <\/p>\n<!-- \/wp:paragraph -->\n\n<!-- wp:paragraph {\"align\":\"right\"} -->\n<p class=\"has-text-align-right\"><em>Extra\u00eddo de la Biblia: Libro del Pueblo de Dios. <\/em><\/p>\n<!-- \/wp:paragraph -->","_et_gb_content_width":""},"categories":[6],"tags":[],"aioseo_notices":[],"_links":{"self":[{"href":"https:\/\/www.obispado-mdp.org.ar\/a\/wp-json\/wp\/v2\/posts\/40383"}],"collection":[{"href":"https:\/\/www.obispado-mdp.org.ar\/a\/wp-json\/wp\/v2\/posts"}],"about":[{"href":"https:\/\/www.obispado-mdp.org.ar\/a\/wp-json\/wp\/v2\/types\/post"}],"author":[{"embeddable":true,"href":"https:\/\/www.obispado-mdp.org.ar\/a\/wp-json\/wp\/v2\/users\/3"}],"replies":[{"embeddable":true,"href":"https:\/\/www.obispado-mdp.org.ar\/a\/wp-json\/wp\/v2\/comments?post=40383"}],"version-history":[{"count":1,"href":"https:\/\/www.obispado-mdp.org.ar\/a\/wp-json\/wp\/v2\/posts\/40383\/revisions"}],"predecessor-version":[{"id":40384,"href":"https:\/\/www.obispado-mdp.org.ar\/a\/wp-json\/wp\/v2\/posts\/40383\/revisions\/40384"}],"wp:featuredmedia":[{"embeddable":true,"href":"https:\/\/www.obispado-mdp.org.ar\/a\/wp-json\/wp\/v2\/media\/31453"}],"wp:attachment":[{"href":"https:\/\/www.obispado-mdp.org.ar\/a\/wp-json\/wp\/v2\/media?parent=40383"}],"wp:term":[{"taxonomy":"category","embeddable":true,"href":"https:\/\/www.obispado-mdp.org.ar\/a\/wp-json\/wp\/v2\/categories?post=40383"},{"taxonomy":"post_tag","embeddable":true,"href":"https:\/\/www.obispado-mdp.org.ar\/a\/wp-json\/wp\/v2\/tags?post=40383"}],"curies":[{"name":"wp","href":"https:\/\/api.w.org\/{rel}","templated":true}]}}