{"id":40385,"date":"2023-07-12T18:30:00","date_gmt":"2023-07-12T21:30:00","guid":{"rendered":"https:\/\/www.obispado-mdp.org.ar\/a\/?p=40385"},"modified":"2023-05-24T20:06:24","modified_gmt":"2023-05-24T23:06:24","slug":"evangelio-segun-san-mateo-107-15-3","status":"publish","type":"post","link":"https:\/\/www.obispado-mdp.org.ar\/a\/evangelio-segun-san-mateo-107-15-3\/","title":{"rendered":"Evangelio seg\u00fan San Mateo\u00a010,7-15."},"content":{"rendered":"\n<p>Jes\u00fas dijo a sus ap\u00f3stoles:<br>Por el camino, proclamen que el Reino de los Cielos est\u00e1 cerca.<br>Curen a los enfermos, resuciten a los muertos, purifiquen a los leprosos, expulsen a los demonios. Ustedes han recibido gratuitamente, den tambi\u00e9n gratuitamente.\u00bb<br>No lleven encima oro ni plata, ni monedas,<br>ni provisiones para el camino, ni dos t\u00fanicas, ni calzado, ni bast\u00f3n; porque el que trabaja merece su sustento.<br>Cuando entren en una ciudad o en un pueblo, busquen a alguna persona respetable y permanezcan en su casa hasta el momento de partir.<br>Al entrar en la casa, sal\u00fadenla invocando la paz sobre ella.<br>Si esa casa lo merece, que la paz descienda sobre ella; pero si es indigna, que esa paz vuelva a ustedes.<br>Y si no los reciben ni quieren escuchar sus palabras, al irse de esa casa o de esa ciudad, sacudan hasta el polvo de sus pies.<br>Les aseguro que, en el d\u00eda del Juicio, Sodoma y Gomorra ser\u00e1n tratadas menos rigurosamente que esa ciudad.<\/p>\n\n\n\n<p class=\"has-text-align-right\"><em>Extra\u00eddo de la Biblia: Libro del Pueblo de Dios. <\/em><\/p>\n","protected":false},"excerpt":{"rendered":"<p>Jes\u00fas dijo a sus ap\u00f3stoles:Por el camino, proclamen que el Reino de los Cielos est\u00e1 cerca.Curen a los enfermos, resuciten a los muertos, purifiquen a los leprosos, expulsen a los demonios. Ustedes han recibido gratuitamente, den tambi\u00e9n gratuitamente.\u00bbNo lleven encima oro ni plata, ni monedas,ni provisiones para el camino, ni dos t\u00fanicas, ni calzado, ni [&hellip;]<\/p>\n","protected":false},"author":3,"featured_media":31450,"comment_status":"open","ping_status":"closed","sticky":false,"template":"","format":"standard","meta":{"_et_pb_use_builder":"off","_et_pb_old_content":"<!-- wp:paragraph -->\n<p> Al atardecer de ese mismo d\u00eda, el primero de la semana, estando cerradas las puertas del lugar donde se encontraban los disc\u00edpulos, por temor a los jud\u00edos, lleg\u00f3 Jes\u00fas y poni\u00e9ndose en medio de ellos, les dijo: \"\u00a1La paz est\u00e9 con ustedes!\".<br>Mientras dec\u00eda esto, les mostr\u00f3 sus manos y su costado. Los disc\u00edpulos se llenaron de alegr\u00eda cuando vieron al Se\u00f1or.<br>Jes\u00fas les dijo de nuevo: \"\u00a1La paz est\u00e9 con ustedes! Como el Padre me envi\u00f3 a m\u00ed, yo tambi\u00e9n los env\u00edo a ustedes\".<br>Al decirles esto, sopl\u00f3 sobre ellos y a\u00f1adi\u00f3: \"Reciban el Esp\u00edritu Santo.<br>Los pecados ser\u00e1n perdonados a los que ustedes se los perdonen, y ser\u00e1n retenidos a los que ustedes se los retengan\". <\/p>\n<!-- \/wp:paragraph -->\n\n<!-- wp:paragraph {\"align\":\"right\"} -->\n<p class=\"has-text-align-right\"><em>Extra\u00eddo de la Biblia: Libro del Pueblo de Dios. <\/em><\/p>\n<!-- \/wp:paragraph -->","_et_gb_content_width":""},"categories":[6],"tags":[],"aioseo_notices":[],"_links":{"self":[{"href":"https:\/\/www.obispado-mdp.org.ar\/a\/wp-json\/wp\/v2\/posts\/40385"}],"collection":[{"href":"https:\/\/www.obispado-mdp.org.ar\/a\/wp-json\/wp\/v2\/posts"}],"about":[{"href":"https:\/\/www.obispado-mdp.org.ar\/a\/wp-json\/wp\/v2\/types\/post"}],"author":[{"embeddable":true,"href":"https:\/\/www.obispado-mdp.org.ar\/a\/wp-json\/wp\/v2\/users\/3"}],"replies":[{"embeddable":true,"href":"https:\/\/www.obispado-mdp.org.ar\/a\/wp-json\/wp\/v2\/comments?post=40385"}],"version-history":[{"count":1,"href":"https:\/\/www.obispado-mdp.org.ar\/a\/wp-json\/wp\/v2\/posts\/40385\/revisions"}],"predecessor-version":[{"id":40386,"href":"https:\/\/www.obispado-mdp.org.ar\/a\/wp-json\/wp\/v2\/posts\/40385\/revisions\/40386"}],"wp:featuredmedia":[{"embeddable":true,"href":"https:\/\/www.obispado-mdp.org.ar\/a\/wp-json\/wp\/v2\/media\/31450"}],"wp:attachment":[{"href":"https:\/\/www.obispado-mdp.org.ar\/a\/wp-json\/wp\/v2\/media?parent=40385"}],"wp:term":[{"taxonomy":"category","embeddable":true,"href":"https:\/\/www.obispado-mdp.org.ar\/a\/wp-json\/wp\/v2\/categories?post=40385"},{"taxonomy":"post_tag","embeddable":true,"href":"https:\/\/www.obispado-mdp.org.ar\/a\/wp-json\/wp\/v2\/tags?post=40385"}],"curies":[{"name":"wp","href":"https:\/\/api.w.org\/{rel}","templated":true}]}}