{"id":40395,"date":"2023-07-17T18:30:00","date_gmt":"2023-07-17T21:30:00","guid":{"rendered":"https:\/\/www.obispado-mdp.org.ar\/a\/?p=40395"},"modified":"2023-05-24T20:12:43","modified_gmt":"2023-05-24T23:12:43","slug":"evangelio-segun-san-mateo-1120-24-3","status":"publish","type":"post","link":"https:\/\/www.obispado-mdp.org.ar\/a\/evangelio-segun-san-mateo-1120-24-3\/","title":{"rendered":"Evangelio seg\u00fan San Mateo\u00a011,20-24."},"content":{"rendered":"\n<p>Jes\u00fas comenz\u00f3 a recriminar a aquellas ciudades donde hab\u00eda realizado m\u00e1s milagros, porque no se hab\u00edan convertido.<br>\u00ab\u00a1Ay de ti, Coroza\u00edn! \u00a1Ay de ti, Betsaida! Porque si los milagros realizados entre ustedes se hubieran hecho en Tiro y en Sid\u00f3n, hace tiempo que se habr\u00edan convertido, poni\u00e9ndose cilicio y cubri\u00e9ndose con ceniza.<br>Yo les aseguro que, en el d\u00eda del Juicio, Tiro y Sid\u00f3n ser\u00e1n tratadas menos rigurosamente que ustedes.<br>Y t\u00fa, Cafarna\u00fan, \u00bfacaso crees que ser\u00e1s elevada hasta el cielo? No, ser\u00e1s precipitada hasta el infierno. Porque si los milagros realizados en ti se hubieran hecho en Sodoma, esa ciudad a\u00fan existir\u00eda.<br>Yo les aseguro que, en el d\u00eda del Juicio, la tierra de Sodoma ser\u00e1 tratada menos rigurosamente que t\u00fa\u00bb.<\/p>\n\n\n\n<p class=\"has-text-align-right\"><em>Extra\u00eddo de la Biblia: Libro del Pueblo de Dios. <\/em><\/p>\n","protected":false},"excerpt":{"rendered":"<p>Jes\u00fas comenz\u00f3 a recriminar a aquellas ciudades donde hab\u00eda realizado m\u00e1s milagros, porque no se hab\u00edan convertido.\u00ab\u00a1Ay de ti, Coroza\u00edn! \u00a1Ay de ti, Betsaida! Porque si los milagros realizados entre ustedes se hubieran hecho en Tiro y en Sid\u00f3n, hace tiempo que se habr\u00edan convertido, poni\u00e9ndose cilicio y cubri\u00e9ndose con ceniza.Yo les aseguro que, en [&hellip;]<\/p>\n","protected":false},"author":3,"featured_media":31452,"comment_status":"open","ping_status":"closed","sticky":false,"template":"","format":"standard","meta":{"_et_pb_use_builder":"off","_et_pb_old_content":"<!-- wp:paragraph -->\n<p> Al atardecer de ese mismo d\u00eda, el primero de la semana, estando cerradas las puertas del lugar donde se encontraban los disc\u00edpulos, por temor a los jud\u00edos, lleg\u00f3 Jes\u00fas y poni\u00e9ndose en medio de ellos, les dijo: \"\u00a1La paz est\u00e9 con ustedes!\".<br>Mientras dec\u00eda esto, les mostr\u00f3 sus manos y su costado. Los disc\u00edpulos se llenaron de alegr\u00eda cuando vieron al Se\u00f1or.<br>Jes\u00fas les dijo de nuevo: \"\u00a1La paz est\u00e9 con ustedes! Como el Padre me envi\u00f3 a m\u00ed, yo tambi\u00e9n los env\u00edo a ustedes\".<br>Al decirles esto, sopl\u00f3 sobre ellos y a\u00f1adi\u00f3: \"Reciban el Esp\u00edritu Santo.<br>Los pecados ser\u00e1n perdonados a los que ustedes se los perdonen, y ser\u00e1n retenidos a los que ustedes se los retengan\". <\/p>\n<!-- \/wp:paragraph -->\n\n<!-- wp:paragraph {\"align\":\"right\"} -->\n<p class=\"has-text-align-right\"><em>Extra\u00eddo de la Biblia: Libro del Pueblo de Dios. <\/em><\/p>\n<!-- \/wp:paragraph -->","_et_gb_content_width":""},"categories":[6],"tags":[],"aioseo_notices":[],"_links":{"self":[{"href":"https:\/\/www.obispado-mdp.org.ar\/a\/wp-json\/wp\/v2\/posts\/40395"}],"collection":[{"href":"https:\/\/www.obispado-mdp.org.ar\/a\/wp-json\/wp\/v2\/posts"}],"about":[{"href":"https:\/\/www.obispado-mdp.org.ar\/a\/wp-json\/wp\/v2\/types\/post"}],"author":[{"embeddable":true,"href":"https:\/\/www.obispado-mdp.org.ar\/a\/wp-json\/wp\/v2\/users\/3"}],"replies":[{"embeddable":true,"href":"https:\/\/www.obispado-mdp.org.ar\/a\/wp-json\/wp\/v2\/comments?post=40395"}],"version-history":[{"count":1,"href":"https:\/\/www.obispado-mdp.org.ar\/a\/wp-json\/wp\/v2\/posts\/40395\/revisions"}],"predecessor-version":[{"id":40396,"href":"https:\/\/www.obispado-mdp.org.ar\/a\/wp-json\/wp\/v2\/posts\/40395\/revisions\/40396"}],"wp:featuredmedia":[{"embeddable":true,"href":"https:\/\/www.obispado-mdp.org.ar\/a\/wp-json\/wp\/v2\/media\/31452"}],"wp:attachment":[{"href":"https:\/\/www.obispado-mdp.org.ar\/a\/wp-json\/wp\/v2\/media?parent=40395"}],"wp:term":[{"taxonomy":"category","embeddable":true,"href":"https:\/\/www.obispado-mdp.org.ar\/a\/wp-json\/wp\/v2\/categories?post=40395"},{"taxonomy":"post_tag","embeddable":true,"href":"https:\/\/www.obispado-mdp.org.ar\/a\/wp-json\/wp\/v2\/tags?post=40395"}],"curies":[{"name":"wp","href":"https:\/\/api.w.org\/{rel}","templated":true}]}}