{"id":40405,"date":"2023-07-22T18:30:00","date_gmt":"2023-07-22T21:30:00","guid":{"rendered":"https:\/\/www.obispado-mdp.org.ar\/a\/?p=40405"},"modified":"2023-05-24T20:17:34","modified_gmt":"2023-05-24T23:17:34","slug":"evangelio-segun-san-mateo-1324-43","status":"publish","type":"post","link":"https:\/\/www.obispado-mdp.org.ar\/a\/evangelio-segun-san-mateo-1324-43\/","title":{"rendered":"Evangelio seg\u00fan San Mateo\u00a013,24-43."},"content":{"rendered":"\n<p>Jes\u00fas propuso a la gente otra par\u00e1bola:<br>\u00abEl Reino de los Cielos se parece a un hombre que sembr\u00f3 buena semilla en su campo;<br>pero mientras todos dorm\u00edan vino su enemigo, sembr\u00f3 ciza\u00f1a en medio del trigo y se fue.<br>Cuando creci\u00f3 el trigo y aparecieron las espigas, tambi\u00e9n apareci\u00f3 la ciza\u00f1a.<br>Los peones fueron a ver entonces al propietario y le dijeron: &#8216;Se\u00f1or, \u00bfno hab\u00edas sembrado buena semilla en tu campo? \u00bfC\u00f3mo es que ahora hay ciza\u00f1a en \u00e9l?&#8217;.<br>El les respondi\u00f3: &#8216;Esto lo ha hecho alg\u00fan enemigo&#8217;. Los peones replicaron: &#8216;\u00bfQuieres que vayamos a arrancarla?&#8217;.<br>&#8216;No, les dijo el due\u00f1o, porque al arrancar la ciza\u00f1a, corren el peligro de arrancar tambi\u00e9n el trigo.<br>Dejen que crezcan juntos hasta la cosecha, y entonces dir\u00e9 a los cosechadores: Arranquen primero la ciza\u00f1a y \u00e1tenla en manojos para quemarla, y luego recojan el trigo en mi granero'\u00bb.<br>Tambi\u00e9n les propuso otra par\u00e1bola: \u00abEl Reino de los Cielos se parece a un grano de mostaza que un hombre sembr\u00f3 en su campo.<br>En realidad, esta es la m\u00e1s peque\u00f1a de las semillas, pero cuando crece es la m\u00e1s grande de las hortalizas y se convierte en un arbusto, de tal manera que los p\u00e1jaros del cielo van a cobijarse en sus ramas\u00bb.<br>Despu\u00e9s les dijo esta otra par\u00e1bola: \u00abEl Reino de los Cielos se parece a un poco de levadura que una mujer mezcla con gran cantidad de harina, hasta que fermenta toda la masa\u00bb.<br>Todo esto lo dec\u00eda Jes\u00fas a la muchedumbre por medio de par\u00e1bolas, y no les hablaba sin par\u00e1bolas,<br>para que se cumpliera lo anunciado por el Profeta: Hablar\u00e9 en par\u00e1bolas, anunciar\u00e9 cosas que estaban ocultas desde la creaci\u00f3n del mundo.<br>Entonces, dejando a la multitud, Jes\u00fas regres\u00f3 a la casa; sus disc\u00edpulos se acercaron y le dijeron: \u00abExpl\u00edcanos la par\u00e1bola de la ciza\u00f1a en el campo\u00bb.<br>El les respondi\u00f3: \u00abEl que siembra la buena semilla es el Hijo del hombre;<br>el campo es el mundo; la buena semilla son los que pertenecen al Reino; la ciza\u00f1a son los que pertenecen al Maligno,<br>y el enemigo que la siembra es el demonio; la cosecha es el fin del mundo y los cosechadores son los \u00e1ngeles.<br>As\u00ed como se arranca la ciza\u00f1a y se la quema en el fuego, de la misma manera suceder\u00e1 al fin del mundo.<br>El Hijo del hombre enviar\u00e1 a sus \u00e1ngeles, y estos quitar\u00e1n de su Reino todos los esc\u00e1ndalos y a los que hicieron el mal,<br>y los arrojar\u00e1n en el horno ardiente: all\u00ed habr\u00e1 llanto y rechinar de dientes.<br>Entonces los justos resplandecer\u00e1n como el sol en el Reino de su Padre. \u00a1El que tenga o\u00eddos, que oiga!\u00bb<\/p>\n\n\n\n<p class=\"has-text-align-right\"><em>Extra\u00eddo de la Biblia: Libro del Pueblo de Dios. <\/em><\/p>\n","protected":false},"excerpt":{"rendered":"<p>Jes\u00fas propuso a la gente otra par\u00e1bola:\u00abEl Reino de los Cielos se parece a un hombre que sembr\u00f3 buena semilla en su campo;pero mientras todos dorm\u00edan vino su enemigo, sembr\u00f3 ciza\u00f1a en medio del trigo y se fue.Cuando creci\u00f3 el trigo y aparecieron las espigas, tambi\u00e9n apareci\u00f3 la ciza\u00f1a.Los peones fueron a ver entonces al [&hellip;]<\/p>\n","protected":false},"author":3,"featured_media":31456,"comment_status":"open","ping_status":"closed","sticky":false,"template":"","format":"standard","meta":{"_et_pb_use_builder":"off","_et_pb_old_content":"<!-- wp:paragraph -->\n<p> Al atardecer de ese mismo d\u00eda, el primero de la semana, estando cerradas las puertas del lugar donde se encontraban los disc\u00edpulos, por temor a los jud\u00edos, lleg\u00f3 Jes\u00fas y poni\u00e9ndose en medio de ellos, les dijo: \"\u00a1La paz est\u00e9 con ustedes!\".<br>Mientras dec\u00eda esto, les mostr\u00f3 sus manos y su costado. Los disc\u00edpulos se llenaron de alegr\u00eda cuando vieron al Se\u00f1or.<br>Jes\u00fas les dijo de nuevo: \"\u00a1La paz est\u00e9 con ustedes! Como el Padre me envi\u00f3 a m\u00ed, yo tambi\u00e9n los env\u00edo a ustedes\".<br>Al decirles esto, sopl\u00f3 sobre ellos y a\u00f1adi\u00f3: \"Reciban el Esp\u00edritu Santo.<br>Los pecados ser\u00e1n perdonados a los que ustedes se los perdonen, y ser\u00e1n retenidos a los que ustedes se los retengan\". <\/p>\n<!-- \/wp:paragraph -->\n\n<!-- wp:paragraph {\"align\":\"right\"} -->\n<p class=\"has-text-align-right\"><em>Extra\u00eddo de la Biblia: Libro del Pueblo de Dios. <\/em><\/p>\n<!-- \/wp:paragraph -->","_et_gb_content_width":""},"categories":[6],"tags":[],"aioseo_notices":[],"_links":{"self":[{"href":"https:\/\/www.obispado-mdp.org.ar\/a\/wp-json\/wp\/v2\/posts\/40405"}],"collection":[{"href":"https:\/\/www.obispado-mdp.org.ar\/a\/wp-json\/wp\/v2\/posts"}],"about":[{"href":"https:\/\/www.obispado-mdp.org.ar\/a\/wp-json\/wp\/v2\/types\/post"}],"author":[{"embeddable":true,"href":"https:\/\/www.obispado-mdp.org.ar\/a\/wp-json\/wp\/v2\/users\/3"}],"replies":[{"embeddable":true,"href":"https:\/\/www.obispado-mdp.org.ar\/a\/wp-json\/wp\/v2\/comments?post=40405"}],"version-history":[{"count":1,"href":"https:\/\/www.obispado-mdp.org.ar\/a\/wp-json\/wp\/v2\/posts\/40405\/revisions"}],"predecessor-version":[{"id":40406,"href":"https:\/\/www.obispado-mdp.org.ar\/a\/wp-json\/wp\/v2\/posts\/40405\/revisions\/40406"}],"wp:featuredmedia":[{"embeddable":true,"href":"https:\/\/www.obispado-mdp.org.ar\/a\/wp-json\/wp\/v2\/media\/31456"}],"wp:attachment":[{"href":"https:\/\/www.obispado-mdp.org.ar\/a\/wp-json\/wp\/v2\/media?parent=40405"}],"wp:term":[{"taxonomy":"category","embeddable":true,"href":"https:\/\/www.obispado-mdp.org.ar\/a\/wp-json\/wp\/v2\/categories?post=40405"},{"taxonomy":"post_tag","embeddable":true,"href":"https:\/\/www.obispado-mdp.org.ar\/a\/wp-json\/wp\/v2\/tags?post=40405"}],"curies":[{"name":"wp","href":"https:\/\/api.w.org\/{rel}","templated":true}]}}