{"id":40407,"date":"2023-07-23T18:30:00","date_gmt":"2023-07-23T21:30:00","guid":{"rendered":"https:\/\/www.obispado-mdp.org.ar\/a\/?p=40407"},"modified":"2023-05-24T20:18:30","modified_gmt":"2023-05-24T23:18:30","slug":"evangelio-segun-san-mateo-1238-42-3","status":"publish","type":"post","link":"https:\/\/www.obispado-mdp.org.ar\/a\/evangelio-segun-san-mateo-1238-42-3\/","title":{"rendered":"Evangelio seg\u00fan San Mateo\u00a012,38-42."},"content":{"rendered":"\n<p>Entonces algunos escribas y fariseos le dijeron: \u00abMaestro, queremos que nos hagas ver un signo\u00bb.<br>El les respondi\u00f3: \u00abEsta generaci\u00f3n malvada y ad\u00faltera reclama un signo, pero no se le dar\u00e1 otro que el del profeta Jon\u00e1s.<br>Porque as\u00ed como Jon\u00e1s estuvo tres d\u00edas y tres noches en el vientre del pez, as\u00ed estar\u00e1 el Hijo del hombre en el seno de la tierra tres d\u00edas y tres noches.<br>El d\u00eda del Juicio, los hombres de N\u00ednive se levantar\u00e1n contra esta generaci\u00f3n y la condenar\u00e1n, porque ellos se convirtieron por la predicaci\u00f3n de Jon\u00e1s, y aqu\u00ed hay alguien que es m\u00e1s que Jon\u00e1s.<br>El d\u00eda del Juicio, la Reina del Sur se levantar\u00e1 contra esta generaci\u00f3n y la condenar\u00e1, porque ella vino de los confines de la tierra para escuchar la sabidur\u00eda de Salom\u00f3n, y aqu\u00ed hay alguien que es m\u00e1s que Salom\u00f3n.\u00bb<\/p>\n\n\n\n<p class=\"has-text-align-right\"><em>Extra\u00eddo de la Biblia: Libro del Pueblo de Dios. <\/em><\/p>\n","protected":false},"excerpt":{"rendered":"<p>Entonces algunos escribas y fariseos le dijeron: \u00abMaestro, queremos que nos hagas ver un signo\u00bb.El les respondi\u00f3: \u00abEsta generaci\u00f3n malvada y ad\u00faltera reclama un signo, pero no se le dar\u00e1 otro que el del profeta Jon\u00e1s.Porque as\u00ed como Jon\u00e1s estuvo tres d\u00edas y tres noches en el vientre del pez, as\u00ed estar\u00e1 el Hijo del [&hellip;]<\/p>\n","protected":false},"author":3,"featured_media":31451,"comment_status":"open","ping_status":"closed","sticky":false,"template":"","format":"standard","meta":{"_et_pb_use_builder":"off","_et_pb_old_content":"<!-- wp:paragraph -->\n<p> Al atardecer de ese mismo d\u00eda, el primero de la semana, estando cerradas las puertas del lugar donde se encontraban los disc\u00edpulos, por temor a los jud\u00edos, lleg\u00f3 Jes\u00fas y poni\u00e9ndose en medio de ellos, les dijo: \"\u00a1La paz est\u00e9 con ustedes!\".<br>Mientras dec\u00eda esto, les mostr\u00f3 sus manos y su costado. Los disc\u00edpulos se llenaron de alegr\u00eda cuando vieron al Se\u00f1or.<br>Jes\u00fas les dijo de nuevo: \"\u00a1La paz est\u00e9 con ustedes! Como el Padre me envi\u00f3 a m\u00ed, yo tambi\u00e9n los env\u00edo a ustedes\".<br>Al decirles esto, sopl\u00f3 sobre ellos y a\u00f1adi\u00f3: \"Reciban el Esp\u00edritu Santo.<br>Los pecados ser\u00e1n perdonados a los que ustedes se los perdonen, y ser\u00e1n retenidos a los que ustedes se los retengan\". <\/p>\n<!-- \/wp:paragraph -->\n\n<!-- wp:paragraph {\"align\":\"right\"} -->\n<p class=\"has-text-align-right\"><em>Extra\u00eddo de la Biblia: Libro del Pueblo de Dios. <\/em><\/p>\n<!-- \/wp:paragraph -->","_et_gb_content_width":""},"categories":[6],"tags":[],"aioseo_notices":[],"_links":{"self":[{"href":"https:\/\/www.obispado-mdp.org.ar\/a\/wp-json\/wp\/v2\/posts\/40407"}],"collection":[{"href":"https:\/\/www.obispado-mdp.org.ar\/a\/wp-json\/wp\/v2\/posts"}],"about":[{"href":"https:\/\/www.obispado-mdp.org.ar\/a\/wp-json\/wp\/v2\/types\/post"}],"author":[{"embeddable":true,"href":"https:\/\/www.obispado-mdp.org.ar\/a\/wp-json\/wp\/v2\/users\/3"}],"replies":[{"embeddable":true,"href":"https:\/\/www.obispado-mdp.org.ar\/a\/wp-json\/wp\/v2\/comments?post=40407"}],"version-history":[{"count":1,"href":"https:\/\/www.obispado-mdp.org.ar\/a\/wp-json\/wp\/v2\/posts\/40407\/revisions"}],"predecessor-version":[{"id":40408,"href":"https:\/\/www.obispado-mdp.org.ar\/a\/wp-json\/wp\/v2\/posts\/40407\/revisions\/40408"}],"wp:featuredmedia":[{"embeddable":true,"href":"https:\/\/www.obispado-mdp.org.ar\/a\/wp-json\/wp\/v2\/media\/31451"}],"wp:attachment":[{"href":"https:\/\/www.obispado-mdp.org.ar\/a\/wp-json\/wp\/v2\/media?parent=40407"}],"wp:term":[{"taxonomy":"category","embeddable":true,"href":"https:\/\/www.obispado-mdp.org.ar\/a\/wp-json\/wp\/v2\/categories?post=40407"},{"taxonomy":"post_tag","embeddable":true,"href":"https:\/\/www.obispado-mdp.org.ar\/a\/wp-json\/wp\/v2\/tags?post=40407"}],"curies":[{"name":"wp","href":"https:\/\/api.w.org\/{rel}","templated":true}]}}