{"id":40413,"date":"2023-07-26T18:30:00","date_gmt":"2023-07-26T21:30:00","guid":{"rendered":"https:\/\/www.obispado-mdp.org.ar\/a\/?p=40413"},"modified":"2023-05-24T20:21:03","modified_gmt":"2023-05-24T23:21:03","slug":"evangelio-segun-san-mateo-1310-17-2","status":"publish","type":"post","link":"https:\/\/www.obispado-mdp.org.ar\/a\/evangelio-segun-san-mateo-1310-17-2\/","title":{"rendered":"Evangelio seg\u00fan San Mateo\u00a013,10-17."},"content":{"rendered":"\n<p>En aquel tiempo, los disc\u00edpulos se acercaron y le dijeron: \u00ab\u00bfPor qu\u00e9 les hablas por medio de par\u00e1bolas?\u00bb.<br>El les respondi\u00f3: \u00abA ustedes se les ha concedido conocer los misterios del Reino de los Cielos, pero a ellos no.<br>Porque a quien tiene, se le dar\u00e1 m\u00e1s todav\u00eda y tendr\u00e1 en abundancia, pero al que no tiene, se le quitar\u00e1 aun lo que tiene.<br>Por eso les hablo por medio de par\u00e1bolas: porque miran y no ven, oyen y no escuchan ni entienden.<br>Y as\u00ed se cumple en ellos la profec\u00eda de Isa\u00edas, que dice: Por m\u00e1s que oigan, no comprender\u00e1n, por m\u00e1s que vean, no conocer\u00e1n,<br>Porque el coraz\u00f3n de este pueblo se ha endurecido, tienen tapados sus o\u00eddos y han cerrado sus ojos, para que sus ojos no vean, y sus o\u00eddos no oigan, y su coraz\u00f3n no comprenda, y no se conviertan, y yo no los cure.<br>Felices, en cambio, los ojos de ustedes, porque ven; felices sus o\u00eddos, porque oyen.<br>Les aseguro que muchos profetas y justos desearon ver lo que ustedes ven y no lo vieron; o\u00edr lo que ustedes oyen, y no lo oyeron.\u00bb<\/p>\n\n\n\n<p class=\"has-text-align-right\"><em>Extra\u00eddo de la Biblia: Libro del Pueblo de Dios. <\/em><\/p>\n","protected":false},"excerpt":{"rendered":"<p>En aquel tiempo, los disc\u00edpulos se acercaron y le dijeron: \u00ab\u00bfPor qu\u00e9 les hablas por medio de par\u00e1bolas?\u00bb.El les respondi\u00f3: \u00abA ustedes se les ha concedido conocer los misterios del Reino de los Cielos, pero a ellos no.Porque a quien tiene, se le dar\u00e1 m\u00e1s todav\u00eda y tendr\u00e1 en abundancia, pero al que no tiene, [&hellip;]<\/p>\n","protected":false},"author":3,"featured_media":31450,"comment_status":"open","ping_status":"closed","sticky":false,"template":"","format":"standard","meta":{"_et_pb_use_builder":"off","_et_pb_old_content":"<!-- wp:paragraph -->\n<p> Al atardecer de ese mismo d\u00eda, el primero de la semana, estando cerradas las puertas del lugar donde se encontraban los disc\u00edpulos, por temor a los jud\u00edos, lleg\u00f3 Jes\u00fas y poni\u00e9ndose en medio de ellos, les dijo: \"\u00a1La paz est\u00e9 con ustedes!\".<br>Mientras dec\u00eda esto, les mostr\u00f3 sus manos y su costado. Los disc\u00edpulos se llenaron de alegr\u00eda cuando vieron al Se\u00f1or.<br>Jes\u00fas les dijo de nuevo: \"\u00a1La paz est\u00e9 con ustedes! Como el Padre me envi\u00f3 a m\u00ed, yo tambi\u00e9n los env\u00edo a ustedes\".<br>Al decirles esto, sopl\u00f3 sobre ellos y a\u00f1adi\u00f3: \"Reciban el Esp\u00edritu Santo.<br>Los pecados ser\u00e1n perdonados a los que ustedes se los perdonen, y ser\u00e1n retenidos a los que ustedes se los retengan\". <\/p>\n<!-- \/wp:paragraph -->\n\n<!-- wp:paragraph {\"align\":\"right\"} -->\n<p class=\"has-text-align-right\"><em>Extra\u00eddo de la Biblia: Libro del Pueblo de Dios. <\/em><\/p>\n<!-- \/wp:paragraph -->","_et_gb_content_width":""},"categories":[6],"tags":[],"aioseo_notices":[],"_links":{"self":[{"href":"https:\/\/www.obispado-mdp.org.ar\/a\/wp-json\/wp\/v2\/posts\/40413"}],"collection":[{"href":"https:\/\/www.obispado-mdp.org.ar\/a\/wp-json\/wp\/v2\/posts"}],"about":[{"href":"https:\/\/www.obispado-mdp.org.ar\/a\/wp-json\/wp\/v2\/types\/post"}],"author":[{"embeddable":true,"href":"https:\/\/www.obispado-mdp.org.ar\/a\/wp-json\/wp\/v2\/users\/3"}],"replies":[{"embeddable":true,"href":"https:\/\/www.obispado-mdp.org.ar\/a\/wp-json\/wp\/v2\/comments?post=40413"}],"version-history":[{"count":1,"href":"https:\/\/www.obispado-mdp.org.ar\/a\/wp-json\/wp\/v2\/posts\/40413\/revisions"}],"predecessor-version":[{"id":40414,"href":"https:\/\/www.obispado-mdp.org.ar\/a\/wp-json\/wp\/v2\/posts\/40413\/revisions\/40414"}],"wp:featuredmedia":[{"embeddable":true,"href":"https:\/\/www.obispado-mdp.org.ar\/a\/wp-json\/wp\/v2\/media\/31450"}],"wp:attachment":[{"href":"https:\/\/www.obispado-mdp.org.ar\/a\/wp-json\/wp\/v2\/media?parent=40413"}],"wp:term":[{"taxonomy":"category","embeddable":true,"href":"https:\/\/www.obispado-mdp.org.ar\/a\/wp-json\/wp\/v2\/categories?post=40413"},{"taxonomy":"post_tag","embeddable":true,"href":"https:\/\/www.obispado-mdp.org.ar\/a\/wp-json\/wp\/v2\/tags?post=40413"}],"curies":[{"name":"wp","href":"https:\/\/api.w.org\/{rel}","templated":true}]}}