{"id":40415,"date":"2023-07-27T18:30:00","date_gmt":"2023-07-27T21:30:00","guid":{"rendered":"https:\/\/www.obispado-mdp.org.ar\/a\/?p=40415"},"modified":"2023-05-24T20:21:57","modified_gmt":"2023-05-24T23:21:57","slug":"evangelio-segun-san-mateo-1318-23-2","status":"publish","type":"post","link":"https:\/\/www.obispado-mdp.org.ar\/a\/evangelio-segun-san-mateo-1318-23-2\/","title":{"rendered":"Evangelio seg\u00fan San Mateo\u00a013,18-23."},"content":{"rendered":"\n<p>Escuchen, entonces, lo que significa la par\u00e1bola del sembrador.<br>Cuando alguien oye la Palabra del Reino y no la comprende, viene el Maligno y arrebata lo que hab\u00eda sido sembrado en su coraz\u00f3n: este es el que recibi\u00f3 la semilla al borde del camino.<br>El que la recibe en terreno pedregoso es el hombre que, al escuchar la Palabra, la acepta en seguida con alegr\u00eda,<br>pero no la deja echar ra\u00edces, porque es inconstante: en cuanto sobreviene una tribulaci\u00f3n o una persecuci\u00f3n a causa de la Palabra, inmediatamente sucumbe.<br>El que recibe la semilla entre espinas es el hombre que escucha la Palabra, pero las preocupaciones del mundo y la seducci\u00f3n de las riquezas la ahogan, y no puede dar fruto.<br>Y el que la recibe en tierra f\u00e9rtil es el hombre que escucha la Palabra y la comprende. Este produce fruto, ya sea cien, ya sesenta, ya treinta por uno\u00bb.<\/p>\n\n\n\n<p class=\"has-text-align-right\"><em>Extra\u00eddo de la Biblia: Libro del Pueblo de Dios. <\/em><\/p>\n","protected":false},"excerpt":{"rendered":"<p>Escuchen, entonces, lo que significa la par\u00e1bola del sembrador.Cuando alguien oye la Palabra del Reino y no la comprende, viene el Maligno y arrebata lo que hab\u00eda sido sembrado en su coraz\u00f3n: este es el que recibi\u00f3 la semilla al borde del camino.El que la recibe en terreno pedregoso es el hombre que, al escuchar [&hellip;]<\/p>\n","protected":false},"author":3,"featured_media":31455,"comment_status":"open","ping_status":"closed","sticky":false,"template":"","format":"standard","meta":{"_et_pb_use_builder":"off","_et_pb_old_content":"<!-- wp:paragraph -->\n<p> Al atardecer de ese mismo d\u00eda, el primero de la semana, estando cerradas las puertas del lugar donde se encontraban los disc\u00edpulos, por temor a los jud\u00edos, lleg\u00f3 Jes\u00fas y poni\u00e9ndose en medio de ellos, les dijo: \"\u00a1La paz est\u00e9 con ustedes!\".<br>Mientras dec\u00eda esto, les mostr\u00f3 sus manos y su costado. Los disc\u00edpulos se llenaron de alegr\u00eda cuando vieron al Se\u00f1or.<br>Jes\u00fas les dijo de nuevo: \"\u00a1La paz est\u00e9 con ustedes! Como el Padre me envi\u00f3 a m\u00ed, yo tambi\u00e9n los env\u00edo a ustedes\".<br>Al decirles esto, sopl\u00f3 sobre ellos y a\u00f1adi\u00f3: \"Reciban el Esp\u00edritu Santo.<br>Los pecados ser\u00e1n perdonados a los que ustedes se los perdonen, y ser\u00e1n retenidos a los que ustedes se los retengan\". <\/p>\n<!-- \/wp:paragraph -->\n\n<!-- wp:paragraph {\"align\":\"right\"} -->\n<p class=\"has-text-align-right\"><em>Extra\u00eddo de la Biblia: Libro del Pueblo de Dios. <\/em><\/p>\n<!-- \/wp:paragraph -->","_et_gb_content_width":""},"categories":[6],"tags":[],"aioseo_notices":[],"_links":{"self":[{"href":"https:\/\/www.obispado-mdp.org.ar\/a\/wp-json\/wp\/v2\/posts\/40415"}],"collection":[{"href":"https:\/\/www.obispado-mdp.org.ar\/a\/wp-json\/wp\/v2\/posts"}],"about":[{"href":"https:\/\/www.obispado-mdp.org.ar\/a\/wp-json\/wp\/v2\/types\/post"}],"author":[{"embeddable":true,"href":"https:\/\/www.obispado-mdp.org.ar\/a\/wp-json\/wp\/v2\/users\/3"}],"replies":[{"embeddable":true,"href":"https:\/\/www.obispado-mdp.org.ar\/a\/wp-json\/wp\/v2\/comments?post=40415"}],"version-history":[{"count":1,"href":"https:\/\/www.obispado-mdp.org.ar\/a\/wp-json\/wp\/v2\/posts\/40415\/revisions"}],"predecessor-version":[{"id":40416,"href":"https:\/\/www.obispado-mdp.org.ar\/a\/wp-json\/wp\/v2\/posts\/40415\/revisions\/40416"}],"wp:featuredmedia":[{"embeddable":true,"href":"https:\/\/www.obispado-mdp.org.ar\/a\/wp-json\/wp\/v2\/media\/31455"}],"wp:attachment":[{"href":"https:\/\/www.obispado-mdp.org.ar\/a\/wp-json\/wp\/v2\/media?parent=40415"}],"wp:term":[{"taxonomy":"category","embeddable":true,"href":"https:\/\/www.obispado-mdp.org.ar\/a\/wp-json\/wp\/v2\/categories?post=40415"},{"taxonomy":"post_tag","embeddable":true,"href":"https:\/\/www.obispado-mdp.org.ar\/a\/wp-json\/wp\/v2\/tags?post=40415"}],"curies":[{"name":"wp","href":"https:\/\/api.w.org\/{rel}","templated":true}]}}