{"id":40417,"date":"2023-07-28T18:30:00","date_gmt":"2023-07-28T21:30:00","guid":{"rendered":"https:\/\/www.obispado-mdp.org.ar\/a\/?p=40417"},"modified":"2023-05-24T20:29:02","modified_gmt":"2023-05-24T23:29:02","slug":"evangelio-segun-san-juan-1119-27-3","status":"publish","type":"post","link":"https:\/\/www.obispado-mdp.org.ar\/a\/evangelio-segun-san-juan-1119-27-3\/","title":{"rendered":"Evangelio seg\u00fan San Juan\u00a011,19-27."},"content":{"rendered":"\n<p>Muchos jud\u00edos hab\u00edan ido a consolar a Marta y a Mar\u00eda, por la muerte de su hermano.<br>Al enterarse de que Jes\u00fas llegaba, Marta sali\u00f3 a su encuentro, mientras Mar\u00eda permanec\u00eda en la casa.<br>Marta dijo a Jes\u00fas: \u00abSe\u00f1or, si hubieras estado aqu\u00ed, mi hermano no habr\u00eda muerto.<br>Pero yo s\u00e9 que aun ahora, Dios te conceder\u00e1 todo lo que le pidas\u00bb.<br>Jes\u00fas le dijo: \u00abTu hermano resucitar\u00e1\u00bb.<br>Marta le respondi\u00f3: \u00abS\u00e9 que resucitar\u00e1 en la resurrecci\u00f3n del \u00faltimo d\u00eda\u00bb.<br>Jes\u00fas le dijo: \u00abYo soy la Resurrecci\u00f3n y la Vida. El que cree en m\u00ed, aunque muera, vivir\u00e1;<br>y todo el que vive y cree en m\u00ed, no morir\u00e1 jam\u00e1s. \u00bfCrees esto?\u00bb.<br>Ella le respondi\u00f3: \u00abS\u00ed, Se\u00f1or, creo que t\u00fa eres el Mes\u00edas, el Hijo de Dios, el que deb\u00eda venir al mundo\u00bb.<\/p>\n\n\n\n<p class=\"has-text-align-right\"><em>Extra\u00eddo de la Biblia: Libro del Pueblo de Dios. <\/em><\/p>\n","protected":false},"excerpt":{"rendered":"<p>Muchos jud\u00edos hab\u00edan ido a consolar a Marta y a Mar\u00eda, por la muerte de su hermano.Al enterarse de que Jes\u00fas llegaba, Marta sali\u00f3 a su encuentro, mientras Mar\u00eda permanec\u00eda en la casa.Marta dijo a Jes\u00fas: \u00abSe\u00f1or, si hubieras estado aqu\u00ed, mi hermano no habr\u00eda muerto.Pero yo s\u00e9 que aun ahora, Dios te conceder\u00e1 todo [&hellip;]<\/p>\n","protected":false},"author":3,"featured_media":31454,"comment_status":"open","ping_status":"closed","sticky":false,"template":"","format":"standard","meta":{"_et_pb_use_builder":"off","_et_pb_old_content":"<!-- wp:paragraph -->\n<p> Al atardecer de ese mismo d\u00eda, el primero de la semana, estando cerradas las puertas del lugar donde se encontraban los disc\u00edpulos, por temor a los jud\u00edos, lleg\u00f3 Jes\u00fas y poni\u00e9ndose en medio de ellos, les dijo: \"\u00a1La paz est\u00e9 con ustedes!\".<br>Mientras dec\u00eda esto, les mostr\u00f3 sus manos y su costado. Los disc\u00edpulos se llenaron de alegr\u00eda cuando vieron al Se\u00f1or.<br>Jes\u00fas les dijo de nuevo: \"\u00a1La paz est\u00e9 con ustedes! Como el Padre me envi\u00f3 a m\u00ed, yo tambi\u00e9n los env\u00edo a ustedes\".<br>Al decirles esto, sopl\u00f3 sobre ellos y a\u00f1adi\u00f3: \"Reciban el Esp\u00edritu Santo.<br>Los pecados ser\u00e1n perdonados a los que ustedes se los perdonen, y ser\u00e1n retenidos a los que ustedes se los retengan\". <\/p>\n<!-- \/wp:paragraph -->\n\n<!-- wp:paragraph {\"align\":\"right\"} -->\n<p class=\"has-text-align-right\"><em>Extra\u00eddo de la Biblia: Libro del Pueblo de Dios. <\/em><\/p>\n<!-- \/wp:paragraph -->","_et_gb_content_width":""},"categories":[6],"tags":[],"aioseo_notices":[],"_links":{"self":[{"href":"https:\/\/www.obispado-mdp.org.ar\/a\/wp-json\/wp\/v2\/posts\/40417"}],"collection":[{"href":"https:\/\/www.obispado-mdp.org.ar\/a\/wp-json\/wp\/v2\/posts"}],"about":[{"href":"https:\/\/www.obispado-mdp.org.ar\/a\/wp-json\/wp\/v2\/types\/post"}],"author":[{"embeddable":true,"href":"https:\/\/www.obispado-mdp.org.ar\/a\/wp-json\/wp\/v2\/users\/3"}],"replies":[{"embeddable":true,"href":"https:\/\/www.obispado-mdp.org.ar\/a\/wp-json\/wp\/v2\/comments?post=40417"}],"version-history":[{"count":1,"href":"https:\/\/www.obispado-mdp.org.ar\/a\/wp-json\/wp\/v2\/posts\/40417\/revisions"}],"predecessor-version":[{"id":40418,"href":"https:\/\/www.obispado-mdp.org.ar\/a\/wp-json\/wp\/v2\/posts\/40417\/revisions\/40418"}],"wp:featuredmedia":[{"embeddable":true,"href":"https:\/\/www.obispado-mdp.org.ar\/a\/wp-json\/wp\/v2\/media\/31454"}],"wp:attachment":[{"href":"https:\/\/www.obispado-mdp.org.ar\/a\/wp-json\/wp\/v2\/media?parent=40417"}],"wp:term":[{"taxonomy":"category","embeddable":true,"href":"https:\/\/www.obispado-mdp.org.ar\/a\/wp-json\/wp\/v2\/categories?post=40417"},{"taxonomy":"post_tag","embeddable":true,"href":"https:\/\/www.obispado-mdp.org.ar\/a\/wp-json\/wp\/v2\/tags?post=40417"}],"curies":[{"name":"wp","href":"https:\/\/api.w.org\/{rel}","templated":true}]}}