{"id":40435,"date":"2023-05-25T10:10:00","date_gmt":"2023-05-25T13:10:00","guid":{"rendered":"https:\/\/www.obispado-mdp.org.ar\/a\/?p=40435"},"modified":"2023-05-25T10:12:00","modified_gmt":"2023-05-25T13:12:00","slug":"la-esperanza-es-audaz-caminemos-en-esperanza","status":"publish","type":"post","link":"https:\/\/www.obispado-mdp.org.ar\/a\/la-esperanza-es-audaz-caminemos-en-esperanza\/","title":{"rendered":"LA ESPERANZA ES AUDAZ&#8230;. CAMINEMOS EN ESPERANZA."},"content":{"rendered":"\n<p class=\"has-pale-cyan-blue-background-color has-background\">En la Iglesia Catedral se realiz\u00f3 el Te Deum para dar gracias a Dios por el regalo de la Patria. La celebraci\u00f3n fue presidida por el padre obispo Gabriel Mestre. &nbsp;Su homil\u00eda se centr\u00f3 en las palabras del Papa Francisco <strong><em>La esperanza es audaz\u2026 Caminemos en esperanza (Francisco FT 55)<\/em><\/strong><\/p>\n\n\n\n<p>Estuvieron presentes el intendente municipal Guillermo Montenegro, autoridades municipales, militares y de las organizaciones de la sociedad.<\/p>\n\n\n\n<p>HOMILIA<\/p>\n\n\n\n<p>En la homil\u00eda el obispo se refiri\u00f3 al texto de la Palabra de Dios que ofrece una profunda reflexi\u00f3n del Ap\u00f3stol Pablo con respecto a la esperanza que hunde sus ra\u00edces en la vida de Abraham, nuestro padre com\u00fan en la fe para jud\u00edos, cristianos e isl\u00e1micos. El gran patriarca es presentado como aquel que <strong>\u201cesper\u00f3 contra toda esperanza\u201d<\/strong>. En un momento dif\u00edcil y de falta de horizonte Abraham no desesper\u00f3, al contrario, como ser humano de fe y esperanza confi\u00f3 plenamente en Dios y encontr\u00f3 en \u00c9l la luz de sentido que necesitaba.<\/p>\n\n\n\n<p>Con Abraham, nosotros hoy somos invitados a la esperanza. \u00bfEsperanza de qu\u00e9 o en qui\u00e9n\u2026? Esperanza de que en Dios nuestros planes se mejoran y nos mejoran a nosotros. Comparto tres breves palabras para resignificar la esperanza en nuestros contextos de vida: DIOS, PUEBLO, AUDAZ.<\/p>\n\n\n\n<ol type=\"1\"><li>La esperanza mira en primer lugar y sobre todas las cosas a DIOS. Para los que tenemos fe, la esperanza tiene su ra\u00edz y sentido en DIOS. M\u00e1s all\u00e1 de todas las vicisitudes humanas es DIOS el que le da sentido a nuestra vida. En \u00c9l nos apoyamos hoy y siempre, apoyamos nuestra existencia y la realidad de nuestra historia.<\/li><li>En segundo lugar, viendo la actitud de Abraham, podemos redescubrir la esperanza confiando en el potencial de nuestro PUEBLO. Nuestro querido PUEBLO argentino, que hoy celebra 213 a\u00f1os de existencia como Naci\u00f3n, m\u00e1s de una vez ha tenido que \u201cesperar contra toda esperanza\u201d por las diferentes crisis agudas que hemos atravesado como Patria. Existen muchos signos de esperanza en nuestra gente, en nuestro PUEBLO, en los m\u00e1s simples y sencillos, para no desesperar y seguir eligiendo caminar hacia adelante.<\/li><li>En tercer lugar, saber que hoy tambi\u00e9n estamos invitados a la esperanza AUDAZ en medio de la crisis que estamos transitando. La inflaci\u00f3n galopante, la violencia, la pobreza, las nefastas consecuencias de la droga en todos los niveles y en muchos \u00e1mbitos, la situaci\u00f3n exclusi\u00f3n del sistema de muchas personas\u2026 son algunas de las dolorosas realidades que podr\u00edamos describir. En este dif\u00edcil contexto la esperanza no es quimera, ni actitud pasiva y negadora. Ante esta realidad la esperanza es AUDACIA. Nos recuerda el querido Papa Francisco en <em>Fratelli Tutti<\/em>: <em>\u2026La esperanza es AUDAZ, sabe mirar m\u00e1s all\u00e1 de la comodidad personal, de las peque\u00f1as seguridades y compensaciones que estrechan el horizonte, para abrirse a grandes ideales que hacen la vida m\u00e1s bella y digna. Caminemos en esperanza<\/em> (FT 55). Esta breve, pero profunda reflexi\u00f3n del Santo Padre nos pone a todos, pero de manera particular a nuestros gobernantes y candidatos a gobernantes, en tensi\u00f3n positiva para sacar lo mejor de s\u00ed y de cada espacio siendo AUDACES para lograr el bien com\u00fan de todas y todos los argentinos. Desafiados a responder con generosidad para no defraudar la esperanza de nuestro querido pueblo argentino.<\/li><\/ol>\n\n\n\n<p>Pidamos a Dios con humildad, por la intercesi\u00f3n de la Virgen de Luj\u00e1n, Madre del Pueblo Argentino, ser servidores de la Patria caminando en esperanza activa, esperanza audaz para el crecimiento de nuestra Naci\u00f3n\u201d finalizo el obispo.<\/p>\n\n\n\n<p>BAJAR HOMILIA DESDE AQUI <a href=\"https:\/\/www.obispado-mdp.org.ar\/a\/wp-content\/uploads\/2023\/05\/Obispo-MESTRE-Tedeum-250523.pdf\">https:\/\/www.obispado-mdp.org.ar\/a\/wp-content\/uploads\/2023\/05\/Obispo-MESTRE-Tedeum-250523.pdf<\/a><\/p>\n\n\n\n<p>Fotos Elena Navas<\/p>\n\n\n\n<figure class=\"wp-container-2 wp-block-gallery-1 wp-block-gallery has-nested-images columns-default is-cropped\">\n<figure class=\"wp-block-image size-large\"><img loading=\"lazy\" width=\"1024\" height=\"472\" data-id=\"40440\"  src=\"https:\/\/www.obispado-mdp.org.ar\/a\/wp-content\/uploads\/2023\/05\/5ec0c10f-5ada-4a7a-b8ad-cb12cd847944-1024x472.jpg\" alt=\"\" class=\"wp-image-40440\"\/><\/figure>\n\n\n\n<figure class=\"wp-block-image size-large\"><img loading=\"lazy\" width=\"1024\" height=\"472\" data-id=\"40442\"  src=\"https:\/\/www.obispado-mdp.org.ar\/a\/wp-content\/uploads\/2023\/05\/7d3e6e35-d3ca-4f59-a499-351a2adc21c6-1024x472.jpg\" alt=\"\" class=\"wp-image-40442\"\/><\/figure>\n\n\n\n<figure class=\"wp-block-image size-large\"><img loading=\"lazy\" width=\"1024\" height=\"472\" data-id=\"40444\"  src=\"https:\/\/www.obispado-mdp.org.ar\/a\/wp-content\/uploads\/2023\/05\/36c8254a-f783-4b00-bcbb-300367deb39f-1024x472.jpg\" alt=\"\" class=\"wp-image-40444\"\/><\/figure>\n\n\n\n<figure class=\"wp-block-image size-large\"><img loading=\"lazy\" width=\"472\" height=\"1024\" data-id=\"40441\"  src=\"https:\/\/www.obispado-mdp.org.ar\/a\/wp-content\/uploads\/2023\/05\/a3f72c7c-16ab-47b2-bb02-a89e9257b0e6-472x1024.jpg\" alt=\"\" class=\"wp-image-40441\"\/><\/figure>\n\n\n\n<figure class=\"wp-block-image size-large\"><img loading=\"lazy\" width=\"1024\" height=\"472\" data-id=\"40443\"  src=\"https:\/\/www.obispado-mdp.org.ar\/a\/wp-content\/uploads\/2023\/05\/d004b4cb-91c3-4378-b2a8-3a62528a1c05-1024x472.jpg\" alt=\"\" class=\"wp-image-40443\"\/><\/figure>\n<\/figure>\n","protected":false},"excerpt":{"rendered":"<p>En la Iglesia Catedral se realiz\u00f3 el Te Deum para dar gracias a Dios por el regalo de la Patria. La celebraci\u00f3n fue presidida por el padre obispo Gabriel Mestre. &nbsp;Su homil\u00eda se centr\u00f3 en las palabras del Papa Francisco La esperanza es audaz\u2026 Caminemos en esperanza (Francisco FT 55) Estuvieron presentes el intendente municipal [&hellip;]<\/p>\n","protected":false},"author":4,"featured_media":40445,"comment_status":"open","ping_status":"open","sticky":false,"template":"","format":"standard","meta":{"_et_pb_use_builder":"","_et_pb_old_content":"","_et_gb_content_width":""},"categories":[4,9],"tags":[],"aioseo_notices":[],"_links":{"self":[{"href":"https:\/\/www.obispado-mdp.org.ar\/a\/wp-json\/wp\/v2\/posts\/40435"}],"collection":[{"href":"https:\/\/www.obispado-mdp.org.ar\/a\/wp-json\/wp\/v2\/posts"}],"about":[{"href":"https:\/\/www.obispado-mdp.org.ar\/a\/wp-json\/wp\/v2\/types\/post"}],"author":[{"embeddable":true,"href":"https:\/\/www.obispado-mdp.org.ar\/a\/wp-json\/wp\/v2\/users\/4"}],"replies":[{"embeddable":true,"href":"https:\/\/www.obispado-mdp.org.ar\/a\/wp-json\/wp\/v2\/comments?post=40435"}],"version-history":[{"count":2,"href":"https:\/\/www.obispado-mdp.org.ar\/a\/wp-json\/wp\/v2\/posts\/40435\/revisions"}],"predecessor-version":[{"id":40446,"href":"https:\/\/www.obispado-mdp.org.ar\/a\/wp-json\/wp\/v2\/posts\/40435\/revisions\/40446"}],"wp:featuredmedia":[{"embeddable":true,"href":"https:\/\/www.obispado-mdp.org.ar\/a\/wp-json\/wp\/v2\/media\/40445"}],"wp:attachment":[{"href":"https:\/\/www.obispado-mdp.org.ar\/a\/wp-json\/wp\/v2\/media?parent=40435"}],"wp:term":[{"taxonomy":"category","embeddable":true,"href":"https:\/\/www.obispado-mdp.org.ar\/a\/wp-json\/wp\/v2\/categories?post=40435"},{"taxonomy":"post_tag","embeddable":true,"href":"https:\/\/www.obispado-mdp.org.ar\/a\/wp-json\/wp\/v2\/tags?post=40435"}],"curies":[{"name":"wp","href":"https:\/\/api.w.org\/{rel}","templated":true}]}}