{"id":40449,"date":"2023-05-26T18:45:00","date_gmt":"2023-05-26T21:45:00","guid":{"rendered":"https:\/\/www.obispado-mdp.org.ar\/a\/?p=40449"},"modified":"2023-05-26T22:59:25","modified_gmt":"2023-05-27T01:59:25","slug":"tres-nuevos-diaconos-casados-para-la-diocesis","status":"publish","type":"post","link":"https:\/\/www.obispado-mdp.org.ar\/a\/tres-nuevos-diaconos-casados-para-la-diocesis\/","title":{"rendered":"TRES NUEVOS DIACONOS CASADOS PARA LA DIOCESIS"},"content":{"rendered":"\n<p class=\"has-pale-cyan-blue-background-color has-background\"><strong>En una ceremonia religiosa presidida por el padre obispo Gabriel recibieron su ordenaci\u00f3n diaconal Pedro Alderete, Elio Urdiales y Hern\u00e1n Victorel, bajo el lema \u201cAqu\u00ed estoy Se\u00f1or, para hacer tu voluntad\u201d (Heb 10,9)<\/strong><\/p>\n\n\n\n<p>La Misa se realiz\u00f3 en la Iglesia Catedral y fueron concelebrantes los sacerdotes de las parroquias de origen de cada di\u00e1cono que estuvieron acompa\u00f1ados por sus familiares y amigos de toda la di\u00f3cesis.<\/p>\n\n\n\n<p>Homil\u00eda<\/p>\n\n\n\n<p>El padre obispo en su homil\u00eda record\u00f3 que \u201cen este d\u00eda de fiesta para la Di\u00f3cesis de Mar del Plata, recordamos con agradecimiento que hace 51 a\u00f1os el Venerable Eduardo Francisco Pironio, asum\u00eda como segundo obispo de nuestra Iglesia diocesana.<\/p>\n\n\n\n<p>Que su testimonio de vida comprometido con la alegr\u00eda del Evangelio de Nuestro Se\u00f1or Jesucristo, nos anime a vivir hoy nuestro camino sinodal en clave de evangelizaci\u00f3n y catequesis renovadas, siendo fieles testigos de la Pascua.<\/p>\n\n\n\n<p>Con mucho gozo compartimos en esta Eucarist\u00eda la ordenaci\u00f3n diaconal de estos tres hermanos casados y con familia, que se incorporan al servicio ministerial: Pedro, Elio y Hern\u00e1n. Las lecturas de este d\u00eda, y el lema que han elegido en conjunto, nos dan elementos interesantes para compartir una breve reflexi\u00f3n sintetizada en tres palabras: OBEDIENCIA, AMOR, PALABRA.<\/p>\n\n\n\n<ol type=\"1\"><li>OBEDIENCIA a Dios<\/li><li>Servicio diaconal: oficio de AMOR<\/li><li>&nbsp;La PALABRA de Dios nos interpela<\/li><\/ol>\n\n\n\n<p>LEER LA HOMILIA COMPLETA <a href=\"https:\/\/www.obispado-mdp.org.ar\/a\/wp-content\/uploads\/2023\/05\/MESTRE-Homilia-ordenacion-diaconal-Pedro-A.-Elio-U.-y-Hernan-V.-260523-1.pdf\">https:\/\/www.obispado-mdp.org.ar\/a\/wp-content\/uploads\/2023\/05\/MESTRE-Homilia-ordenacion-diaconal-Pedro-A.-Elio-U.-y-Hernan-V.-260523-1.pdf<\/a><\/p>\n\n\n\n<figure class=\"wp-container-2 wp-block-gallery-1 wp-block-gallery has-nested-images columns-default is-cropped\">\n<figure class=\"wp-block-image size-large\"><img loading=\"lazy\" width=\"576\" height=\"1024\" data-id=\"40451\"  src=\"https:\/\/www.obispado-mdp.org.ar\/a\/wp-content\/uploads\/2023\/05\/IMG-20230526-WA0019-576x1024.jpg\" alt=\"\" class=\"wp-image-40451\"\/><\/figure>\n\n\n\n<figure class=\"wp-block-image size-large\"><img loading=\"lazy\" width=\"576\" height=\"1024\" data-id=\"40454\"  src=\"https:\/\/www.obispado-mdp.org.ar\/a\/wp-content\/uploads\/2023\/05\/IMG-20230526-WA0022-576x1024.jpg\" alt=\"\" class=\"wp-image-40454\"\/><\/figure>\n\n\n\n<figure class=\"wp-block-image size-large\"><img loading=\"lazy\" width=\"576\" height=\"1024\" data-id=\"40456\"  src=\"https:\/\/www.obispado-mdp.org.ar\/a\/wp-content\/uploads\/2023\/05\/IMG-20230526-WA0021-576x1024.jpg\" alt=\"\" class=\"wp-image-40456\"\/><\/figure>\n\n\n\n<figure class=\"wp-block-image size-large\"><img loading=\"lazy\" width=\"1024\" height=\"576\" data-id=\"40453\"  src=\"https:\/\/www.obispado-mdp.org.ar\/a\/wp-content\/uploads\/2023\/05\/IMG-20230526-WA0004.jpg\" alt=\"\" class=\"wp-image-40453\"\/><\/figure>\n\n\n\n<figure class=\"wp-block-image size-large\"><img loading=\"lazy\" width=\"1024\" height=\"576\" data-id=\"40457\"  src=\"https:\/\/www.obispado-mdp.org.ar\/a\/wp-content\/uploads\/2023\/05\/IMG-20230526-WA0003.jpg\" alt=\"\" class=\"wp-image-40457\"\/><\/figure>\n\n\n\n<figure class=\"wp-block-image size-large\"><img loading=\"lazy\" width=\"1024\" height=\"576\" data-id=\"40452\"  src=\"https:\/\/www.obispado-mdp.org.ar\/a\/wp-content\/uploads\/2023\/05\/IMG-20230526-WA0002.jpg\" alt=\"\" class=\"wp-image-40452\"\/><\/figure>\n\n\n\n<figure class=\"wp-block-image size-large\"><img loading=\"lazy\" width=\"1024\" height=\"576\" data-id=\"40455\"  src=\"https:\/\/www.obispado-mdp.org.ar\/a\/wp-content\/uploads\/2023\/05\/IMG-20230526-WA0008-1024x576.jpg\" alt=\"\" class=\"wp-image-40455\"\/><\/figure>\n<\/figure>\n","protected":false},"excerpt":{"rendered":"<p>En una ceremonia religiosa presidida por el padre obispo Gabriel recibieron su ordenaci\u00f3n diaconal Pedro Alderete, Elio Urdiales y Hern\u00e1n Victorel, bajo el lema \u201cAqu\u00ed estoy Se\u00f1or, para hacer tu voluntad\u201d (Heb 10,9) La Misa se realiz\u00f3 en la Iglesia Catedral y fueron concelebrantes los sacerdotes de las parroquias de origen de cada di\u00e1cono que [&hellip;]<\/p>\n","protected":false},"author":4,"featured_media":40460,"comment_status":"open","ping_status":"open","sticky":false,"template":"","format":"standard","meta":{"_et_pb_use_builder":"","_et_pb_old_content":"","_et_gb_content_width":""},"categories":[4],"tags":[],"aioseo_notices":[],"_links":{"self":[{"href":"https:\/\/www.obispado-mdp.org.ar\/a\/wp-json\/wp\/v2\/posts\/40449"}],"collection":[{"href":"https:\/\/www.obispado-mdp.org.ar\/a\/wp-json\/wp\/v2\/posts"}],"about":[{"href":"https:\/\/www.obispado-mdp.org.ar\/a\/wp-json\/wp\/v2\/types\/post"}],"author":[{"embeddable":true,"href":"https:\/\/www.obispado-mdp.org.ar\/a\/wp-json\/wp\/v2\/users\/4"}],"replies":[{"embeddable":true,"href":"https:\/\/www.obispado-mdp.org.ar\/a\/wp-json\/wp\/v2\/comments?post=40449"}],"version-history":[{"count":2,"href":"https:\/\/www.obispado-mdp.org.ar\/a\/wp-json\/wp\/v2\/posts\/40449\/revisions"}],"predecessor-version":[{"id":40459,"href":"https:\/\/www.obispado-mdp.org.ar\/a\/wp-json\/wp\/v2\/posts\/40449\/revisions\/40459"}],"wp:featuredmedia":[{"embeddable":true,"href":"https:\/\/www.obispado-mdp.org.ar\/a\/wp-json\/wp\/v2\/media\/40460"}],"wp:attachment":[{"href":"https:\/\/www.obispado-mdp.org.ar\/a\/wp-json\/wp\/v2\/media?parent=40449"}],"wp:term":[{"taxonomy":"category","embeddable":true,"href":"https:\/\/www.obispado-mdp.org.ar\/a\/wp-json\/wp\/v2\/categories?post=40449"},{"taxonomy":"post_tag","embeddable":true,"href":"https:\/\/www.obispado-mdp.org.ar\/a\/wp-json\/wp\/v2\/tags?post=40449"}],"curies":[{"name":"wp","href":"https:\/\/api.w.org\/{rel}","templated":true}]}}