{"id":40461,"date":"2023-05-28T00:25:10","date_gmt":"2023-05-28T03:25:10","guid":{"rendered":"https:\/\/www.obispado-mdp.org.ar\/a\/?p=40461"},"modified":"2023-05-28T00:37:39","modified_gmt":"2023-05-28T03:37:39","slug":"envio-misionero-gran-mision-diocesana","status":"publish","type":"post","link":"https:\/\/www.obispado-mdp.org.ar\/a\/envio-misionero-gran-mision-diocesana\/","title":{"rendered":"ENVI\u00d3 MISIONERO: GRAN MISI\u00d3N DIOCESANA."},"content":{"rendered":"\n<p><br>En la solemnidad de la fiesta de Pentecost\u00e9s, el padre obispo Gabriel presidio la eucarist\u00eda en la que realizo el env\u00edo misionero para la \u201cGran Misi\u00f3n Diocesana\u201d, que es un fruto del S\u00ednodo, donde Monse\u00f1or Gabriel nos anim\u00f3 a todos los bautizados a anunciar la alegr\u00eda de la vida en Cristo.<\/p>\n\n\n\n<pre class=\"wp-block-code\"><code>El obispo realiz\u00f3 el \u201cenv\u00edo misionero\u201d, diciendo que \u201ctodos somos llamados a participar de una u otra manera de la Misi\u00f3n Diocesana que empezamos a preparar para anunciar a cada hermano que somos hijos amados de Dios en todos los rincones de la di\u00f3cesis\u201d.<\/code><\/pre>\n\n\n\n<p>Mestre record\u00f3 que nuestro compromiso es el de los primeros cristianos: reunidos en la misma fe y en la celebraci\u00f3n de la Eucarist\u00eda, \u201cnos disponemos ahora a anunciar la Buena Noticia de Dios al mundo en nuestras propias lenguas y en la diversidad de la vida de cada uno de nosotros, cumpliendo as\u00ed el pedido que el mismo Jes\u00fas nos hace\u201d.<\/p>\n\n\n\n<figure class=\"wp-container-2 wp-block-gallery-1 wp-block-gallery has-nested-images columns-default is-cropped\">\n<figure class=\"wp-block-image size-large\"><img loading=\"lazy\" width=\"1024\" height=\"768\" data-id=\"40462\"  src=\"https:\/\/www.obispado-mdp.org.ar\/a\/wp-content\/uploads\/2023\/05\/09441337-ba16-4399-a820-89df4bdfea9b-1024x768.jpg\" alt=\"\" class=\"wp-image-40462\"\/><\/figure>\n\n\n\n<figure class=\"wp-block-image size-large\"><img loading=\"lazy\" width=\"1024\" height=\"768\" data-id=\"40468\"  src=\"https:\/\/www.obispado-mdp.org.ar\/a\/wp-content\/uploads\/2023\/05\/a3bbb7fc-3e48-456f-9152-13cbe5507dcf-1024x768.jpg\" alt=\"\" class=\"wp-image-40468\"\/><\/figure>\n\n\n\n<figure class=\"wp-block-image size-large\"><img loading=\"lazy\" width=\"1024\" height=\"768\" data-id=\"40467\"  src=\"https:\/\/www.obispado-mdp.org.ar\/a\/wp-content\/uploads\/2023\/05\/c9ed8abe-d757-4b9b-8356-5afe74b96472-1024x768.jpg\" alt=\"\" class=\"wp-image-40467\"\/><\/figure>\n\n\n\n<figure class=\"wp-block-image size-large\"><img loading=\"lazy\" width=\"1024\" height=\"768\" data-id=\"40465\"  src=\"https:\/\/www.obispado-mdp.org.ar\/a\/wp-content\/uploads\/2023\/05\/d13dbfef-6d2b-4e74-a95e-f8770c81c587-1024x768.jpg\" alt=\"\" class=\"wp-image-40465\"\/><\/figure>\n\n\n\n<figure class=\"wp-block-image size-large\"><img loading=\"lazy\" width=\"1024\" height=\"768\" data-id=\"40466\"  src=\"https:\/\/www.obispado-mdp.org.ar\/a\/wp-content\/uploads\/2023\/05\/decb2c24-7052-4a72-bf05-046f08f465f3-1024x768.jpg\" alt=\"\" class=\"wp-image-40466\"\/><\/figure>\n\n\n\n<figure class=\"wp-block-image size-large\"><img loading=\"lazy\" width=\"1024\" height=\"768\" data-id=\"40464\"  src=\"https:\/\/www.obispado-mdp.org.ar\/a\/wp-content\/uploads\/2023\/05\/ef2a407f-789f-4ca2-abab-969e9652c2e4-1024x768.jpg\" alt=\"\" class=\"wp-image-40464\"\/><\/figure>\n\n\n\n<figure class=\"wp-block-image size-large\"><img loading=\"lazy\" width=\"1024\" height=\"768\" data-id=\"40463\"  src=\"https:\/\/www.obispado-mdp.org.ar\/a\/wp-content\/uploads\/2023\/05\/f0ef20ea-89a1-4c2f-8563-ad906613dda5-1024x768.jpg\" alt=\"\" class=\"wp-image-40463\"\/><\/figure>\n<\/figure>\n","protected":false},"excerpt":{"rendered":"<p>En la solemnidad de la fiesta de Pentecost\u00e9s, el padre obispo Gabriel presidio la eucarist\u00eda en la que realizo el env\u00edo misionero para la \u201cGran Misi\u00f3n Diocesana\u201d, que es un fruto del S\u00ednodo, donde Monse\u00f1or Gabriel nos anim\u00f3 a todos los bautizados a anunciar la alegr\u00eda de la vida en Cristo. Mestre record\u00f3 que nuestro [&hellip;]<\/p>\n","protected":false},"author":4,"featured_media":40466,"comment_status":"open","ping_status":"open","sticky":false,"template":"","format":"standard","meta":{"_et_pb_use_builder":"","_et_pb_old_content":"","_et_gb_content_width":""},"categories":[4],"tags":[],"aioseo_notices":[],"_links":{"self":[{"href":"https:\/\/www.obispado-mdp.org.ar\/a\/wp-json\/wp\/v2\/posts\/40461"}],"collection":[{"href":"https:\/\/www.obispado-mdp.org.ar\/a\/wp-json\/wp\/v2\/posts"}],"about":[{"href":"https:\/\/www.obispado-mdp.org.ar\/a\/wp-json\/wp\/v2\/types\/post"}],"author":[{"embeddable":true,"href":"https:\/\/www.obispado-mdp.org.ar\/a\/wp-json\/wp\/v2\/users\/4"}],"replies":[{"embeddable":true,"href":"https:\/\/www.obispado-mdp.org.ar\/a\/wp-json\/wp\/v2\/comments?post=40461"}],"version-history":[{"count":1,"href":"https:\/\/www.obispado-mdp.org.ar\/a\/wp-json\/wp\/v2\/posts\/40461\/revisions"}],"predecessor-version":[{"id":40469,"href":"https:\/\/www.obispado-mdp.org.ar\/a\/wp-json\/wp\/v2\/posts\/40461\/revisions\/40469"}],"wp:featuredmedia":[{"embeddable":true,"href":"https:\/\/www.obispado-mdp.org.ar\/a\/wp-json\/wp\/v2\/media\/40466"}],"wp:attachment":[{"href":"https:\/\/www.obispado-mdp.org.ar\/a\/wp-json\/wp\/v2\/media?parent=40461"}],"wp:term":[{"taxonomy":"category","embeddable":true,"href":"https:\/\/www.obispado-mdp.org.ar\/a\/wp-json\/wp\/v2\/categories?post=40461"},{"taxonomy":"post_tag","embeddable":true,"href":"https:\/\/www.obispado-mdp.org.ar\/a\/wp-json\/wp\/v2\/tags?post=40461"}],"curies":[{"name":"wp","href":"https:\/\/api.w.org\/{rel}","templated":true}]}}