{"id":40473,"date":"2023-05-28T22:17:36","date_gmt":"2023-05-29T01:17:36","guid":{"rendered":"https:\/\/www.obispado-mdp.org.ar\/a\/?p=40473"},"modified":"2023-05-28T22:17:43","modified_gmt":"2023-05-29T01:17:43","slug":"la-iglesia-de-mar-del-plata-sale-a-la-calle","status":"publish","type":"post","link":"https:\/\/www.obispado-mdp.org.ar\/a\/la-iglesia-de-mar-del-plata-sale-a-la-calle\/","title":{"rendered":"LA IGLESIA DE MAR DEL PLATA SALE A LA CALLE."},"content":{"rendered":"\n<p>Bajo el lema \u00abVengan a m\u00ed\u00bb (Mt 11,28) ser realizar\u00e1 el s\u00e1bado 10 de junio de 2023 la tradicional celebraci\u00f3n de Corpus Christi. La convocatoria es a las 15 hs en la Iglesia Catedral donde el Padre Obispo Gabriel presidir\u00e1 la Misa que se prolongar\u00e1 en una procesi\u00f3n por las calles del centro de Mar del Plata. Este a\u00f1o est\u00e1 dedicado especialmente al anuncio alegre del Evangelio. Celebremos con fe viva la presencia de Jes\u00fas que acompa\u00f1a y sostiene siempre a su Pueblo.<\/p>\n\n\n\n<figure class=\"wp-block-image size-large\"><img loading=\"lazy\" width=\"1024\" height=\"734\" src=\"https:\/\/www.obispado-mdp.org.ar\/a\/wp-content\/uploads\/2023\/05\/CORPUS-2023--1024x734.jpg\" alt=\"\" class=\"wp-image-40474\"\/><\/figure>\n","protected":false},"excerpt":{"rendered":"<p>Bajo el lema \u00abVengan a m\u00ed\u00bb (Mt 11,28) ser realizar\u00e1 el s\u00e1bado 10 de junio de 2023 la tradicional celebraci\u00f3n de Corpus Christi. La convocatoria es a las 15 hs en la Iglesia Catedral donde el Padre Obispo Gabriel presidir\u00e1 la Misa que se prolongar\u00e1 en una procesi\u00f3n por las calles del centro de Mar [&hellip;]<\/p>\n","protected":false},"author":4,"featured_media":40475,"comment_status":"open","ping_status":"open","sticky":false,"template":"","format":"standard","meta":{"_et_pb_use_builder":"","_et_pb_old_content":"","_et_gb_content_width":""},"categories":[4,12],"tags":[],"aioseo_notices":[],"_links":{"self":[{"href":"https:\/\/www.obispado-mdp.org.ar\/a\/wp-json\/wp\/v2\/posts\/40473"}],"collection":[{"href":"https:\/\/www.obispado-mdp.org.ar\/a\/wp-json\/wp\/v2\/posts"}],"about":[{"href":"https:\/\/www.obispado-mdp.org.ar\/a\/wp-json\/wp\/v2\/types\/post"}],"author":[{"embeddable":true,"href":"https:\/\/www.obispado-mdp.org.ar\/a\/wp-json\/wp\/v2\/users\/4"}],"replies":[{"embeddable":true,"href":"https:\/\/www.obispado-mdp.org.ar\/a\/wp-json\/wp\/v2\/comments?post=40473"}],"version-history":[{"count":1,"href":"https:\/\/www.obispado-mdp.org.ar\/a\/wp-json\/wp\/v2\/posts\/40473\/revisions"}],"predecessor-version":[{"id":40476,"href":"https:\/\/www.obispado-mdp.org.ar\/a\/wp-json\/wp\/v2\/posts\/40473\/revisions\/40476"}],"wp:featuredmedia":[{"embeddable":true,"href":"https:\/\/www.obispado-mdp.org.ar\/a\/wp-json\/wp\/v2\/media\/40475"}],"wp:attachment":[{"href":"https:\/\/www.obispado-mdp.org.ar\/a\/wp-json\/wp\/v2\/media?parent=40473"}],"wp:term":[{"taxonomy":"category","embeddable":true,"href":"https:\/\/www.obispado-mdp.org.ar\/a\/wp-json\/wp\/v2\/categories?post=40473"},{"taxonomy":"post_tag","embeddable":true,"href":"https:\/\/www.obispado-mdp.org.ar\/a\/wp-json\/wp\/v2\/tags?post=40473"}],"curies":[{"name":"wp","href":"https:\/\/api.w.org\/{rel}","templated":true}]}}