{"id":40477,"date":"2023-05-30T09:32:17","date_gmt":"2023-05-30T12:32:17","guid":{"rendered":"https:\/\/www.obispado-mdp.org.ar\/a\/?p=40477"},"modified":"2023-05-30T09:32:23","modified_gmt":"2023-05-30T12:32:23","slug":"aniversario-de-las-virgenes-consagradas","status":"publish","type":"post","link":"https:\/\/www.obispado-mdp.org.ar\/a\/aniversario-de-las-virgenes-consagradas\/","title":{"rendered":"ANIVERSARIO DE LAS V\u00cdRGENES CONSAGRADAS."},"content":{"rendered":"\n<p>Monse\u00f1or Gabriel se reuni\u00f3 con las v\u00edrgenes consagradas de la Di\u00f3cesis para compartir un espacio de oraci\u00f3n y fraternidad, finalizando con la Misa a las 18 horas en la Iglesia Catedral. Ma\u00f1ana 31 de mayo se cumplir\u00e1n 17 a\u00f1os desde la Instauraci\u00f3n del Ordo Virginum en la Di\u00f3cesis de Mar del Plata por este motivo el Obispo presidi\u00f3 la misa celebrativa del ayer lunes 29 y cada una de las v\u00edrgenes consagradas&nbsp; tambi\u00e9n lo har\u00e1 el 31 junto a su comunidad parroquial.<\/p>\n\n\n\n<p>Las ocv invitan a acompa\u00f1arlas y a rezar por esta antigua vocaci\u00f3n de la Iglesia universal.<\/p>\n\n\n\n<figure class=\"wp-block-image size-large\"><img loading=\"lazy\" width=\"768\" height=\"1024\" src=\"https:\/\/www.obispado-mdp.org.ar\/a\/wp-content\/uploads\/2023\/05\/virgenes1-768x1024.jpg\" alt=\"\" class=\"wp-image-40478\"\/><\/figure>\n","protected":false},"excerpt":{"rendered":"<p>Monse\u00f1or Gabriel se reuni\u00f3 con las v\u00edrgenes consagradas de la Di\u00f3cesis para compartir un espacio de oraci\u00f3n y fraternidad, finalizando con la Misa a las 18 horas en la Iglesia Catedral. Ma\u00f1ana 31 de mayo se cumplir\u00e1n 17 a\u00f1os desde la Instauraci\u00f3n del Ordo Virginum en la Di\u00f3cesis de Mar del Plata por este motivo [&hellip;]<\/p>\n","protected":false},"author":4,"featured_media":40479,"comment_status":"open","ping_status":"open","sticky":false,"template":"","format":"standard","meta":{"_et_pb_use_builder":"","_et_pb_old_content":"","_et_gb_content_width":""},"categories":[4],"tags":[],"aioseo_notices":[],"_links":{"self":[{"href":"https:\/\/www.obispado-mdp.org.ar\/a\/wp-json\/wp\/v2\/posts\/40477"}],"collection":[{"href":"https:\/\/www.obispado-mdp.org.ar\/a\/wp-json\/wp\/v2\/posts"}],"about":[{"href":"https:\/\/www.obispado-mdp.org.ar\/a\/wp-json\/wp\/v2\/types\/post"}],"author":[{"embeddable":true,"href":"https:\/\/www.obispado-mdp.org.ar\/a\/wp-json\/wp\/v2\/users\/4"}],"replies":[{"embeddable":true,"href":"https:\/\/www.obispado-mdp.org.ar\/a\/wp-json\/wp\/v2\/comments?post=40477"}],"version-history":[{"count":1,"href":"https:\/\/www.obispado-mdp.org.ar\/a\/wp-json\/wp\/v2\/posts\/40477\/revisions"}],"predecessor-version":[{"id":40480,"href":"https:\/\/www.obispado-mdp.org.ar\/a\/wp-json\/wp\/v2\/posts\/40477\/revisions\/40480"}],"wp:featuredmedia":[{"embeddable":true,"href":"https:\/\/www.obispado-mdp.org.ar\/a\/wp-json\/wp\/v2\/media\/40479"}],"wp:attachment":[{"href":"https:\/\/www.obispado-mdp.org.ar\/a\/wp-json\/wp\/v2\/media?parent=40477"}],"wp:term":[{"taxonomy":"category","embeddable":true,"href":"https:\/\/www.obispado-mdp.org.ar\/a\/wp-json\/wp\/v2\/categories?post=40477"},{"taxonomy":"post_tag","embeddable":true,"href":"https:\/\/www.obispado-mdp.org.ar\/a\/wp-json\/wp\/v2\/tags?post=40477"}],"curies":[{"name":"wp","href":"https:\/\/api.w.org\/{rel}","templated":true}]}}