{"id":40481,"date":"2023-05-31T09:55:09","date_gmt":"2023-05-31T12:55:09","guid":{"rendered":"https:\/\/www.obispado-mdp.org.ar\/a\/?p=40481"},"modified":"2023-05-31T09:55:11","modified_gmt":"2023-05-31T12:55:11","slug":"20-aniversario-de-ordenacion-episcopal-de-mons-marino","status":"publish","type":"post","link":"https:\/\/www.obispado-mdp.org.ar\/a\/20-aniversario-de-ordenacion-episcopal-de-mons-marino\/","title":{"rendered":"20 ANIVERSARIO DE ORDENACION EPISCOPAL DE MONS. MARINO."},"content":{"rendered":"\n<p>Se celebra hoy el 20 aniversario de la ordenaci\u00f3n episcopal de Mons. Marino. La di\u00f3cesis de Mar del Plata acompa\u00f1a a su obispo em\u00e9rito en la acci\u00f3n de gracias y con la oraci\u00f3n por su salud y ministerio. Mons. Marino fue ordenado obispo el 31 de mayo de 2003, fiesta de la Visitaci\u00f3n, en la Catedral de La Plata. Luego de desempe\u00f1arse como obispo auxiliar de esa arquidi\u00f3cesis fue nombrado obispo de Mar del Plata el 6 de abril de 2011 comenzando su ministerio del 4 de junio de ese a\u00f1o.<\/p>\n","protected":false},"excerpt":{"rendered":"<p>Se celebra hoy el 20 aniversario de la ordenaci\u00f3n episcopal de Mons. Marino. La di\u00f3cesis de Mar del Plata acompa\u00f1a a su obispo em\u00e9rito en la acci\u00f3n de gracias y con la oraci\u00f3n por su salud y ministerio. Mons. Marino fue ordenado obispo el 31 de mayo de 2003, fiesta de la Visitaci\u00f3n, en la [&hellip;]<\/p>\n","protected":false},"author":4,"featured_media":40482,"comment_status":"open","ping_status":"open","sticky":false,"template":"","format":"standard","meta":{"_et_pb_use_builder":"","_et_pb_old_content":"","_et_gb_content_width":""},"categories":[4],"tags":[],"aioseo_notices":[],"_links":{"self":[{"href":"https:\/\/www.obispado-mdp.org.ar\/a\/wp-json\/wp\/v2\/posts\/40481"}],"collection":[{"href":"https:\/\/www.obispado-mdp.org.ar\/a\/wp-json\/wp\/v2\/posts"}],"about":[{"href":"https:\/\/www.obispado-mdp.org.ar\/a\/wp-json\/wp\/v2\/types\/post"}],"author":[{"embeddable":true,"href":"https:\/\/www.obispado-mdp.org.ar\/a\/wp-json\/wp\/v2\/users\/4"}],"replies":[{"embeddable":true,"href":"https:\/\/www.obispado-mdp.org.ar\/a\/wp-json\/wp\/v2\/comments?post=40481"}],"version-history":[{"count":3,"href":"https:\/\/www.obispado-mdp.org.ar\/a\/wp-json\/wp\/v2\/posts\/40481\/revisions"}],"predecessor-version":[{"id":41464,"href":"https:\/\/www.obispado-mdp.org.ar\/a\/wp-json\/wp\/v2\/posts\/40481\/revisions\/41464"}],"wp:featuredmedia":[{"embeddable":true,"href":"https:\/\/www.obispado-mdp.org.ar\/a\/wp-json\/wp\/v2\/media\/40482"}],"wp:attachment":[{"href":"https:\/\/www.obispado-mdp.org.ar\/a\/wp-json\/wp\/v2\/media?parent=40481"}],"wp:term":[{"taxonomy":"category","embeddable":true,"href":"https:\/\/www.obispado-mdp.org.ar\/a\/wp-json\/wp\/v2\/categories?post=40481"},{"taxonomy":"post_tag","embeddable":true,"href":"https:\/\/www.obispado-mdp.org.ar\/a\/wp-json\/wp\/v2\/tags?post=40481"}],"curies":[{"name":"wp","href":"https:\/\/api.w.org\/{rel}","templated":true}]}}