{"id":40485,"date":"2023-05-31T18:48:03","date_gmt":"2023-05-31T21:48:03","guid":{"rendered":"https:\/\/www.obispado-mdp.org.ar\/a\/?p=40485"},"modified":"2023-05-31T18:48:10","modified_gmt":"2023-05-31T21:48:10","slug":"se-presento-la-colecta-anual-de-caritas","status":"publish","type":"post","link":"https:\/\/www.obispado-mdp.org.ar\/a\/se-presento-la-colecta-anual-de-caritas\/","title":{"rendered":"SE PRESENT\u00d3 LA COLECTA ANUAL DE CARITAS."},"content":{"rendered":"\n<p class=\"has-pale-cyan-blue-background-color has-background\"><br><strong>Esta ma\u00f1ana se realiz\u00f3 en la Iglesia Catedral de Mar del Plata la conferencia de prensa con motivo de la Colecta Anual de C\u00e1ritas que se realizar\u00e1 en todo el pais el S\u00e1bado 10 y Domingo 11 de Junio, bajo el lema \u00abMirarnos. Encontrarnos. Ayudarnos\u00bb.<\/strong><\/p>\n\n\n\n<p> Estuvieron presentes Monse\u00f1or Gabriel Mestre, Obispo de la Di\u00f3cesis y Presidente de C\u00e1ritas Mar del Plata, qui\u00e9n nos anima a ponernos en salida, a mirarnos, encontrarnos y ayudarnos con nuestros hermanos m\u00e1s vulnerables.<br>Asimismo, M\u00f3nica Aguerrido, Directora de C\u00e1ritas Mar del Plata, inform\u00f3 que el dinero recaudado este a\u00f1o ser\u00e1 destinado al trabajo; mediante un programa mixto de cr\u00e9ditos y subsidios se acompa\u00f1ar\u00e1n a las familias asistidas por C\u00e1ritas para que puedan acceder a maquinarias y aquellos recursos necesarios para llevar adelante sus emprendimientos mediante la presentaci\u00f3n de proyectos.<\/p>\n\n\n\n<p><br>Mons. Gabriel Mestre invit\u00f3 a que, ante la duda y descreimiento de la obra de C\u00e1ritas, uno pueda mirar las obras que se vienen realizando de manera sostenida.<\/p>\n\n\n\n<p><br>\u00abMirarnos. Encontrarnos. Ayudarnos\u00bb<br>S\u00e1bado 10 y Domingo 11 de Junio.<\/p>\n\n\n\n<p>NOTA Yesica Cuzzami<\/p>\n\n\n\n<figure class=\"wp-container-2 wp-block-gallery-1 wp-block-gallery has-nested-images columns-default is-cropped\">\n<figure class=\"wp-block-image size-large\"><img loading=\"lazy\" width=\"768\" height=\"1024\" data-id=\"40487\"  src=\"https:\/\/www.obispado-mdp.org.ar\/a\/wp-content\/uploads\/2023\/05\/3a069091-14a8-41d7-919b-c84f3e80651f-768x1024.jpg\" alt=\"\" class=\"wp-image-40487\"\/><\/figure>\n\n\n\n<figure class=\"wp-block-image size-large\"><img loading=\"lazy\" width=\"768\" height=\"1024\" data-id=\"40488\"  src=\"https:\/\/www.obispado-mdp.org.ar\/a\/wp-content\/uploads\/2023\/05\/07b1b54a-c36e-4452-b42d-17ff17868683-768x1024.jpg\" alt=\"\" class=\"wp-image-40488\"\/><\/figure>\n\n\n\n<figure class=\"wp-block-image size-large\"><img loading=\"lazy\" width=\"768\" height=\"1024\" data-id=\"40489\"  src=\"https:\/\/www.obispado-mdp.org.ar\/a\/wp-content\/uploads\/2023\/05\/6ea4a1c1-4bb9-4044-b38b-491e37e76052-768x1024.jpg\" alt=\"\" class=\"wp-image-40489\"\/><\/figure>\n\n\n\n<figure class=\"wp-block-image size-large\"><img loading=\"lazy\" width=\"748\" height=\"420\" data-id=\"40486\"  src=\"https:\/\/www.obispado-mdp.org.ar\/a\/wp-content\/uploads\/2023\/05\/1685543334045.webp\" alt=\"\" class=\"wp-image-40486\"\/><\/figure>\n<\/figure>\n","protected":false},"excerpt":{"rendered":"<p>Esta ma\u00f1ana se realiz\u00f3 en la Iglesia Catedral de Mar del Plata la conferencia de prensa con motivo de la Colecta Anual de C\u00e1ritas que se realizar\u00e1 en todo el pais el S\u00e1bado 10 y Domingo 11 de Junio, bajo el lema \u00abMirarnos. Encontrarnos. Ayudarnos\u00bb. Estuvieron presentes Monse\u00f1or Gabriel Mestre, Obispo de la Di\u00f3cesis y [&hellip;]<\/p>\n","protected":false},"author":4,"featured_media":40490,"comment_status":"open","ping_status":"open","sticky":false,"template":"","format":"standard","meta":{"_et_pb_use_builder":"","_et_pb_old_content":"","_et_gb_content_width":""},"categories":[4,11],"tags":[],"aioseo_notices":[],"_links":{"self":[{"href":"https:\/\/www.obispado-mdp.org.ar\/a\/wp-json\/wp\/v2\/posts\/40485"}],"collection":[{"href":"https:\/\/www.obispado-mdp.org.ar\/a\/wp-json\/wp\/v2\/posts"}],"about":[{"href":"https:\/\/www.obispado-mdp.org.ar\/a\/wp-json\/wp\/v2\/types\/post"}],"author":[{"embeddable":true,"href":"https:\/\/www.obispado-mdp.org.ar\/a\/wp-json\/wp\/v2\/users\/4"}],"replies":[{"embeddable":true,"href":"https:\/\/www.obispado-mdp.org.ar\/a\/wp-json\/wp\/v2\/comments?post=40485"}],"version-history":[{"count":1,"href":"https:\/\/www.obispado-mdp.org.ar\/a\/wp-json\/wp\/v2\/posts\/40485\/revisions"}],"predecessor-version":[{"id":40491,"href":"https:\/\/www.obispado-mdp.org.ar\/a\/wp-json\/wp\/v2\/posts\/40485\/revisions\/40491"}],"wp:featuredmedia":[{"embeddable":true,"href":"https:\/\/www.obispado-mdp.org.ar\/a\/wp-json\/wp\/v2\/media\/40490"}],"wp:attachment":[{"href":"https:\/\/www.obispado-mdp.org.ar\/a\/wp-json\/wp\/v2\/media?parent=40485"}],"wp:term":[{"taxonomy":"category","embeddable":true,"href":"https:\/\/www.obispado-mdp.org.ar\/a\/wp-json\/wp\/v2\/categories?post=40485"},{"taxonomy":"post_tag","embeddable":true,"href":"https:\/\/www.obispado-mdp.org.ar\/a\/wp-json\/wp\/v2\/tags?post=40485"}],"curies":[{"name":"wp","href":"https:\/\/api.w.org\/{rel}","templated":true}]}}