{"id":40496,"date":"2023-06-03T04:23:33","date_gmt":"2023-06-03T07:23:33","guid":{"rendered":"https:\/\/www.obispado-mdp.org.ar\/a\/?p=40496"},"modified":"2023-06-03T04:23:35","modified_gmt":"2023-06-03T07:23:35","slug":"ordenacion-diaconal-de-fernando-roca-en-necochea","status":"publish","type":"post","link":"https:\/\/www.obispado-mdp.org.ar\/a\/ordenacion-diaconal-de-fernando-roca-en-necochea\/","title":{"rendered":"ORDENACI\u00d3N DIACONAL DE FERNANDO ROCA EN NECOCHEA."},"content":{"rendered":"\n<p class=\"has-pale-cyan-blue-background-color has-background\"><strong>\u201cAqu\u00ed estoy Se\u00f1or, para hacer tu voluntad\u201d (cf. Heb 10,9) fue el lema elegido por Fernando. Ceremonia presidida por el obispo en Necochea.<\/strong><\/p>\n\n\n\n<p>Este viernes en la Parroquia Nuestra Se\u00f1ora de Lourdes de Necochea el padre obispo Gabriel realiz\u00f3 la imposici\u00f3n de manos para ordenar como di\u00e1cono permanente a Fernando Roca, casado y con familia, que se incorpora al servicio ministerial en la Iglesia Diocesana.<\/p>\n\n\n\n<p>HOMILIA.<\/p>\n\n\n\n<p>&nbsp;Queridas hermanas y queridos hermanos: En las v\u00edsperas de la Solemnidad de la Sant\u00edsima Trinidad, con mucho gozo compartimos en esta Eucarist\u00eda la ordenaci\u00f3n El lema que han elegido juntos y las lecturas del d\u00eda, tomadas de la Misa Ritual para el Orden Sagrado, nos dan elementos interesantes para compartir una breve reflexi\u00f3n sintetizada en tres palabras: DISPOSICI\u00d3N, SABIO, SERVIDOR.<\/p>\n\n\n\n<ol type=\"1\"><li>DISPOSICI\u00d3N de coraz\u00f3n a Dios<\/li><li>Ministro SABIO del Evangelio<\/li><li>SERVIDOR de Jes\u00fas <\/li><\/ol>\n\n\n\n<p>Participaron de la celebraci\u00f3n los sacerdotes de Necochea y ciudades vecinas, los familiares y amigos de Fernando y toda la comunidad que lo vio crecer en la fe.<\/p>\n\n\n\n<p>Leer homil\u00eda completa: <a href=\"https:\/\/www.obispado-mdp.org.ar\/a\/wp-content\/uploads\/2023\/06\/MESTRE-Homilia-ordenacion-diaconal-Fernando-R.-020623.pdf\">https:\/\/www.obispado-mdp.org.ar\/a\/wp-content\/uploads\/2023\/06\/MESTRE-Homilia-ordenacion-diaconal-Fernando-R.-020623.pdf<\/a><\/p>\n\n\n\n<figure class=\"wp-container-2 wp-block-gallery-1 wp-block-gallery has-nested-images columns-default is-cropped\">\n<figure class=\"wp-block-image size-large\"><img loading=\"lazy\" width=\"576\" height=\"1024\" data-id=\"40508\"  src=\"https:\/\/www.obispado-mdp.org.ar\/a\/wp-content\/uploads\/2023\/06\/IMG-20230603-WA0005-1-576x1024.jpg\" alt=\"\" class=\"wp-image-40508\"\/><\/figure>\n\n\n\n<figure class=\"wp-block-image size-large\"><img loading=\"lazy\" width=\"576\" height=\"1024\" data-id=\"40511\"  src=\"https:\/\/www.obispado-mdp.org.ar\/a\/wp-content\/uploads\/2023\/06\/IMG-20230603-WA0004-1-576x1024.jpg\" alt=\"\" class=\"wp-image-40511\"\/><\/figure>\n\n\n\n<figure class=\"wp-block-image size-large\"><img loading=\"lazy\" width=\"576\" height=\"1024\" data-id=\"40510\"  src=\"https:\/\/www.obispado-mdp.org.ar\/a\/wp-content\/uploads\/2023\/06\/IMG-20230603-WA0003-1-576x1024.jpg\" alt=\"\" class=\"wp-image-40510\"\/><\/figure>\n\n\n\n<figure class=\"wp-block-image size-large\"><img loading=\"lazy\" width=\"576\" height=\"1024\" data-id=\"40507\"  src=\"https:\/\/www.obispado-mdp.org.ar\/a\/wp-content\/uploads\/2023\/06\/IMG-20230603-WA0002-1-576x1024.jpg\" alt=\"\" class=\"wp-image-40507\"\/><\/figure>\n\n\n\n<figure class=\"wp-block-image size-large\"><img loading=\"lazy\" width=\"576\" height=\"1024\" data-id=\"40509\"  src=\"https:\/\/www.obispado-mdp.org.ar\/a\/wp-content\/uploads\/2023\/06\/IMG-20230603-WA0001-1-576x1024.jpg\" alt=\"\" class=\"wp-image-40509\"\/><\/figure>\n\n\n\n<figure class=\"wp-block-image size-large\"><img loading=\"lazy\" width=\"1024\" height=\"576\" data-id=\"40506\"  src=\"https:\/\/www.obispado-mdp.org.ar\/a\/wp-content\/uploads\/2023\/06\/IMG-20230603-WA0000-1-1024x576.jpg\" alt=\"\" class=\"wp-image-40506\"\/><\/figure>\n<\/figure>\n","protected":false},"excerpt":{"rendered":"<p>\u201cAqu\u00ed estoy Se\u00f1or, para hacer tu voluntad\u201d (cf. Heb 10,9) fue el lema elegido por Fernando. Ceremonia presidida por el obispo en Necochea. Este viernes en la Parroquia Nuestra Se\u00f1ora de Lourdes de Necochea el padre obispo Gabriel realiz\u00f3 la imposici\u00f3n de manos para ordenar como di\u00e1cono permanente a Fernando Roca, casado y con familia, [&hellip;]<\/p>\n","protected":false},"author":4,"featured_media":40503,"comment_status":"open","ping_status":"open","sticky":false,"template":"","format":"standard","meta":{"_et_pb_use_builder":"","_et_pb_old_content":"","_et_gb_content_width":""},"categories":[4],"tags":[],"aioseo_notices":[],"_links":{"self":[{"href":"https:\/\/www.obispado-mdp.org.ar\/a\/wp-json\/wp\/v2\/posts\/40496"}],"collection":[{"href":"https:\/\/www.obispado-mdp.org.ar\/a\/wp-json\/wp\/v2\/posts"}],"about":[{"href":"https:\/\/www.obispado-mdp.org.ar\/a\/wp-json\/wp\/v2\/types\/post"}],"author":[{"embeddable":true,"href":"https:\/\/www.obispado-mdp.org.ar\/a\/wp-json\/wp\/v2\/users\/4"}],"replies":[{"embeddable":true,"href":"https:\/\/www.obispado-mdp.org.ar\/a\/wp-json\/wp\/v2\/comments?post=40496"}],"version-history":[{"count":5,"href":"https:\/\/www.obispado-mdp.org.ar\/a\/wp-json\/wp\/v2\/posts\/40496\/revisions"}],"predecessor-version":[{"id":41487,"href":"https:\/\/www.obispado-mdp.org.ar\/a\/wp-json\/wp\/v2\/posts\/40496\/revisions\/41487"}],"wp:featuredmedia":[{"embeddable":true,"href":"https:\/\/www.obispado-mdp.org.ar\/a\/wp-json\/wp\/v2\/media\/40503"}],"wp:attachment":[{"href":"https:\/\/www.obispado-mdp.org.ar\/a\/wp-json\/wp\/v2\/media?parent=40496"}],"wp:term":[{"taxonomy":"category","embeddable":true,"href":"https:\/\/www.obispado-mdp.org.ar\/a\/wp-json\/wp\/v2\/categories?post=40496"},{"taxonomy":"post_tag","embeddable":true,"href":"https:\/\/www.obispado-mdp.org.ar\/a\/wp-json\/wp\/v2\/tags?post=40496"}],"curies":[{"name":"wp","href":"https:\/\/api.w.org\/{rel}","templated":true}]}}