{"id":40514,"date":"2023-06-05T10:34:05","date_gmt":"2023-06-05T13:34:05","guid":{"rendered":"https:\/\/www.obispado-mdp.org.ar\/a\/?p=40514"},"modified":"2023-06-05T10:34:23","modified_gmt":"2023-06-05T13:34:23","slug":"la-iglesia-de-mar-del-plata-sale-a-la-calle-2","status":"publish","type":"post","link":"https:\/\/www.obispado-mdp.org.ar\/a\/la-iglesia-de-mar-del-plata-sale-a-la-calle-2\/","title":{"rendered":"LA IGLESIA DE MAR DEL PLATA SALE A LA CALLE."},"content":{"rendered":"\n<p class=\"has-light-green-cyan-background-color has-background\"><strong>Bajo el lema \u00abVengan a m\u00ed\u00bb (Mt 11,28) ser realizar\u00e1 el s\u00e1bado 10 de junio de 2023 la tradicional celebraci\u00f3n de Corpus Christi. La convocatoria es a las 15 hs en la Iglesia Catedral donde el Padre Obispo Gabriel presidir\u00e1 la Misa que se prolongar\u00e1 en una procesi\u00f3n por las calles del centro de Mar del Plata.<\/strong><\/p>\n\n\n\n<p>Este a\u00f1o est\u00e1 dedicado especialmente al anuncio alegre del Evangelio. Celebremos con fe viva la presencia de Jes\u00fas que acompa\u00f1a y sostiene siempre a su Pueblo.<\/p>\n\n\n\n<p>El&nbsp;<strong>S\u00c1BADO 10 DE JUNIO DE 2023<\/strong>&nbsp;tendremos la tradicional celebraci\u00f3n de&nbsp;<em>Corpus Christi y en Mar del Plata caminaremos junto a las<\/em> hermanas y hermanos de los decanatos 1, 2, 3 y 7 de la Di\u00f3cesis de Mar del Plata:&nbsp;<\/p>\n\n\n\n<p>En este a\u00f1o especialmente dedicado a la misi\u00f3n es importante que nuestra presencia junto a Jesucristo haga resonar la voz del Padre que dice a cada persona: \u201cVos sos mi hijo amado\u201d (Mc 1,11).<\/p>\n\n\n\n<figure class=\"wp-block-image size-large\"><img loading=\"lazy\" width=\"1024\" height=\"734\" src=\"https:\/\/www.obispado-mdp.org.ar\/a\/wp-content\/uploads\/2023\/06\/CORPUS-2023--1024x734.jpg\" alt=\"\" class=\"wp-image-40516\"\/><\/figure>\n","protected":false},"excerpt":{"rendered":"<p>Bajo el lema \u00abVengan a m\u00ed\u00bb (Mt 11,28) ser realizar\u00e1 el s\u00e1bado 10 de junio de 2023 la tradicional celebraci\u00f3n de Corpus Christi. La convocatoria es a las 15 hs en la Iglesia Catedral donde el Padre Obispo Gabriel presidir\u00e1 la Misa que se prolongar\u00e1 en una procesi\u00f3n por las calles del centro de Mar [&hellip;]<\/p>\n","protected":false},"author":4,"featured_media":0,"comment_status":"open","ping_status":"open","sticky":false,"template":"","format":"standard","meta":{"_et_pb_use_builder":"","_et_pb_old_content":"","_et_gb_content_width":""},"categories":[4],"tags":[],"aioseo_notices":[],"_links":{"self":[{"href":"https:\/\/www.obispado-mdp.org.ar\/a\/wp-json\/wp\/v2\/posts\/40514"}],"collection":[{"href":"https:\/\/www.obispado-mdp.org.ar\/a\/wp-json\/wp\/v2\/posts"}],"about":[{"href":"https:\/\/www.obispado-mdp.org.ar\/a\/wp-json\/wp\/v2\/types\/post"}],"author":[{"embeddable":true,"href":"https:\/\/www.obispado-mdp.org.ar\/a\/wp-json\/wp\/v2\/users\/4"}],"replies":[{"embeddable":true,"href":"https:\/\/www.obispado-mdp.org.ar\/a\/wp-json\/wp\/v2\/comments?post=40514"}],"version-history":[{"count":2,"href":"https:\/\/www.obispado-mdp.org.ar\/a\/wp-json\/wp\/v2\/posts\/40514\/revisions"}],"predecessor-version":[{"id":40517,"href":"https:\/\/www.obispado-mdp.org.ar\/a\/wp-json\/wp\/v2\/posts\/40514\/revisions\/40517"}],"wp:attachment":[{"href":"https:\/\/www.obispado-mdp.org.ar\/a\/wp-json\/wp\/v2\/media?parent=40514"}],"wp:term":[{"taxonomy":"category","embeddable":true,"href":"https:\/\/www.obispado-mdp.org.ar\/a\/wp-json\/wp\/v2\/categories?post=40514"},{"taxonomy":"post_tag","embeddable":true,"href":"https:\/\/www.obispado-mdp.org.ar\/a\/wp-json\/wp\/v2\/tags?post=40514"}],"curies":[{"name":"wp","href":"https:\/\/api.w.org\/{rel}","templated":true}]}}