{"id":40519,"date":"2023-06-06T16:29:17","date_gmt":"2023-06-06T19:29:17","guid":{"rendered":"https:\/\/www.obispado-mdp.org.ar\/a\/?p=40519"},"modified":"2023-06-06T16:29:29","modified_gmt":"2023-06-06T19:29:29","slug":"mensaje-de-mons-gabriel-mestre-en-el-dia-del-periodista","status":"publish","type":"post","link":"https:\/\/www.obispado-mdp.org.ar\/a\/mensaje-de-mons-gabriel-mestre-en-el-dia-del-periodista\/","title":{"rendered":"MENSAJE DE MONS. GABRIEL MESTRE EN EL D\u00cdA DEL PERIODISTA."},"content":{"rendered":"\n<p class=\"has-pale-cyan-blue-background-color has-background\">\u201c<strong>Hablar con el coraz\u00f3n\u201d. D\u00eda de periodista \u2013 Mar del Plata \u2013 Mi\u00e9rcoles 7 de junio de 2023<\/strong><\/p>\n\n\n\n<p><a><\/a>Queridas hermanas y queridos hermanos periodistas: \u00a1Feliz d\u00eda del periodista 2023! Con alegr\u00eda y valorando el trabajo que realizan, saludo a todos aquellos periodistas y personal de los medios de comunicaci\u00f3n social que trabajan en el sudeste de la Provincia de Buenos Aires, territorio que coincide con la Di\u00f3cesis de Mar del Plata.<\/p>\n\n\n\n<p>El 24 de enero de este a\u00f1o, en el Mensaje para la Jornada Mundial de las Comunicaciones Sociales, el Papa Francisco nos dec\u00eda: Comunicar cordialmente quiere decir que quien nos lee o nos escucha capta nuestra participaci\u00f3n en las alegr\u00edas y los miedos, en las esperanzas y en los sufrimientos de las mujeres y los hombres de nuestro tiempo. \u00a1Muchas gracias queridos periodistas por el servicio de comunicar con el coraz\u00f3n haciendo patente la realidad cotidiana en sus aspectos buenos y en los no tan buenos! \u00a1Muchas gracias por comprometerse con la historia de las personas, familias e instituciones desde el trabajo diario de comunicar! El t\u00edtulo del Mensaje del Santo Padre para este a\u00f1o es un verdadero programa de vida, no solo para ustedes, sino para todos los hombres y mujeres de buena voluntad: Hablar con el coraz\u00f3n, \u201cen la verdad y en el amor\u201d (Ef 4,15).<\/p>\n\n\n\n<p>Queridas hermanas y hermanos: \u00a1Feliz d\u00eda del periodista y que Dios los bendiga hoy y siempre a ustedes, sus familias y sus equipos de trabajo!<\/p>\n\n\n\n<p>Con afecto de hermano y amigo.<\/p>\n\n\n\n<p>+Mons. Gabriel Mestre, Obispo de Mar del Plata &#8211; Argentina<\/p>\n\n\n\n<p><a href=\"https:\/\/www.obispado-mdp.org.ar\/a\/wp-content\/uploads\/2023\/06\/Obispo-MESTRE-saludo-periodistas-en-su-dia-070623.pdf\">BAJAR MENSAJE<\/a><a href=\"https:\/\/www.facebook.com\/diocesis.mardelplata\/photos\/a.884475091640864\/6215723281849325\/?__cft__[0]=AZXKQVRFl3M_PepbNn5jLC8193HM5uAAkYP9fCWoC-MxvKa_tOBghSg1qaNYvL1NBwlBNZDAXsptlqbZRzZ8ih5z4euzlI2i7aNra1ry_4tcL_QoV1E4RonpUHqunXfP_ZM8Ag6UJAbYFwNHKVgrWC_0J-gMHwdIpfRWeIPrWlA1Vw&amp;__tn__=EH-R\"><\/a><\/p>\n\n\n\n<figure class=\"wp-block-image\"><a href=\"https:\/\/www.facebook.com\/diocesis.mardelplata\/photos\/a.884475091640864\/6215723281849325\/?__cft__[0]=AZXKQVRFl3M_PepbNn5jLC8193HM5uAAkYP9fCWoC-MxvKa_tOBghSg1qaNYvL1NBwlBNZDAXsptlqbZRzZ8ih5z4euzlI2i7aNra1ry_4tcL_QoV1E4RonpUHqunXfP_ZM8Ag6UJAbYFwNHKVgrWC_0J-gMHwdIpfRWeIPrWlA1Vw&amp;__tn__=EH-R\"><img src=\"https:\/\/scontent.fmdq6-1.fna.fbcdn.net\/v\/t39.30808-6\/352198150_766752051598389_586875165394809849_n.png?_nc_cat=109&amp;ccb=1-7&amp;_nc_sid=730e14&amp;_nc_ohc=7qjuE1himfgAX_NHePR&amp;_nc_ht=scontent.fmdq6-1.fna&amp;oh=00_AfBJ8YRKeoeFetEz3VsKz0hP63kWtKSJ1-ky4Q7dNY4xIA&amp;oe=6483C108\" alt=\"Puede ser una imagen de texto\"\/><\/a><\/figure>\n\n\n\n<p>0<\/p>\n\n\n\n<p>Personas alcanzadas<\/p>\n\n\n\n<p>0<\/p>\n\n\n\n<p>Interacciones<\/p>\n\n\n\n<p>\u2013<\/p>\n\n\n\n<p>Puntuaci\u00f3n de distribuci\u00f3n<\/p>\n\n\n\n<p><a href=\"https:\/\/www.facebook.com\/ad_center\/create\/boostpost\/?entry_point=new_timeline&amp;page_id=882362491852124&amp;target_id=6215724995182487&amp;__cft__[0]=AZXKQVRFl3M_PepbNn5jLC8193HM5uAAkYP9fCWoC-MxvKa_tOBghSg1qaNYvL1NBwlBNZDAXsptlqbZRzZ8ih5z4euzlI2i7aNra1ry_4tcL_QoV1E4RonpUHqunXfP_ZM8Ag6UJAbYFwNHKVgrWC_0J-gMHwdIpfRWeIPrWlA1Vw&amp;__tn__=*W-R\"><\/a><\/p>\n\n\n\n<p><a href=\"https:\/\/www.facebook.com\/ad_center\/create\/boostpost\/?entry_point=new_timeline&amp;page_id=882362491852124&amp;target_id=6215724995182487&amp;__cft__[0]=AZXKQVRFl3M_PepbNn5jLC8193HM5uAAkYP9fCWoC-MxvKa_tOBghSg1qaNYvL1NBwlBNZDAXsptlqbZRzZ8ih5z4euzlI2i7aNra1ry_4tcL_QoV1E4RonpUHqunXfP_ZM8Ag6UJAbYFwNHKVgrWC_0J-gMHwdIpfRWeIPrWlA1Vw&amp;__tn__=*W-R\">Promocionar publicaci\u00f3n<\/a><\/p>\n\n\n\n<p>Me gusta<\/p>\n\n\n\n<p>Comentar<\/p>\n\n\n\n<p>Compartir<\/p>\n\n\n\n<p><\/p>\n\n\n\n<p><\/p>\n\n\n\n<figure class=\"wp-block-embed\"><div class=\"wp-block-embed__wrapper\">\nhttps:\/\/www.obispado-mdp.org.ar\/a\/wp-content\/uploads\/2023\/06\/Obispo-MESTRE-saludo-periodistas-en-su-dia-070623.pdf\n<\/div><\/figure>\n","protected":false},"excerpt":{"rendered":"<p>\u201cHablar con el coraz\u00f3n\u201d. D\u00eda de periodista \u2013 Mar del Plata \u2013 Mi\u00e9rcoles 7 de junio de 2023 Queridas hermanas y queridos hermanos periodistas: \u00a1Feliz d\u00eda del periodista 2023! Con alegr\u00eda y valorando el trabajo que realizan, saludo a todos aquellos periodistas y personal de los medios de comunicaci\u00f3n social que trabajan en el sudeste [&hellip;]<\/p>\n","protected":false},"author":4,"featured_media":40520,"comment_status":"open","ping_status":"open","sticky":false,"template":"","format":"standard","meta":{"_et_pb_use_builder":"","_et_pb_old_content":"","_et_gb_content_width":""},"categories":[4,9],"tags":[],"aioseo_notices":[],"_links":{"self":[{"href":"https:\/\/www.obispado-mdp.org.ar\/a\/wp-json\/wp\/v2\/posts\/40519"}],"collection":[{"href":"https:\/\/www.obispado-mdp.org.ar\/a\/wp-json\/wp\/v2\/posts"}],"about":[{"href":"https:\/\/www.obispado-mdp.org.ar\/a\/wp-json\/wp\/v2\/types\/post"}],"author":[{"embeddable":true,"href":"https:\/\/www.obispado-mdp.org.ar\/a\/wp-json\/wp\/v2\/users\/4"}],"replies":[{"embeddable":true,"href":"https:\/\/www.obispado-mdp.org.ar\/a\/wp-json\/wp\/v2\/comments?post=40519"}],"version-history":[{"count":1,"href":"https:\/\/www.obispado-mdp.org.ar\/a\/wp-json\/wp\/v2\/posts\/40519\/revisions"}],"predecessor-version":[{"id":40521,"href":"https:\/\/www.obispado-mdp.org.ar\/a\/wp-json\/wp\/v2\/posts\/40519\/revisions\/40521"}],"wp:featuredmedia":[{"embeddable":true,"href":"https:\/\/www.obispado-mdp.org.ar\/a\/wp-json\/wp\/v2\/media\/40520"}],"wp:attachment":[{"href":"https:\/\/www.obispado-mdp.org.ar\/a\/wp-json\/wp\/v2\/media?parent=40519"}],"wp:term":[{"taxonomy":"category","embeddable":true,"href":"https:\/\/www.obispado-mdp.org.ar\/a\/wp-json\/wp\/v2\/categories?post=40519"},{"taxonomy":"post_tag","embeddable":true,"href":"https:\/\/www.obispado-mdp.org.ar\/a\/wp-json\/wp\/v2\/tags?post=40519"}],"curies":[{"name":"wp","href":"https:\/\/api.w.org\/{rel}","templated":true}]}}