{"id":40525,"date":"2023-06-09T13:29:29","date_gmt":"2023-06-09T16:29:29","guid":{"rendered":"https:\/\/www.obispado-mdp.org.ar\/a\/?p=40525"},"modified":"2023-06-09T17:42:49","modified_gmt":"2023-06-09T20:42:49","slug":"sabado-de-corpus-christi-misa-y-procesion","status":"publish","type":"post","link":"https:\/\/www.obispado-mdp.org.ar\/a\/sabado-de-corpus-christi-misa-y-procesion\/","title":{"rendered":"S\u00c1BADO DE CORPUS CHRISTI: MISA Y PROCESI\u00d3N."},"content":{"rendered":"\n<p class=\"has-light-green-cyan-background-color has-background\"><strong>Este s\u00e1bado a partir de las 15 en la Catedral de los Santos Pedro y Cecilia. Luego de la Mise se realizar\u00e1 la tradicional procesi\u00f3n con el Sant\u00edsimo Sacramento por las calles del centro bajo el lema \u00abVengan a m\u00ed\u00bb (Mt 11,28).<\/strong><\/p>\n\n\n\n<p><br>Como lo hace la Iglesia Cat\u00f3lica en todo el mundo, este s\u00e1bado se celebrar\u00e1\u00a0<strong>Corpus Christi<\/strong>, la solemnidad del Cuerpo y la Sangre de Jes\u00fas. En la<strong>\u00a0Catedral de Mar del Plata<\/strong>, la misa central ser\u00e1 a las 15, y estar\u00e1 presidida por el obispo de Mar del Plata,\u00a0<strong>monse\u00f1or Gabriel Mestre<\/strong>\u00a0y concelebrada por los sacerdotes de la ciudad.<\/p>\n\n\n\n<p>Posteriormente se realizar\u00e1 la tradicional procesi\u00f3n con el Sant\u00edsimo Sacramento por las calles del centro de Mar del Plata y al llegar a las escalinatas la bendici\u00f3n a todos los presentes. Como todos los a\u00f1os, se espera una participaci\u00f3n multitudinaria de los fieles de las parroquias, capillas, e instituciones educativas religiosas. Tambi\u00e9n habr\u00e1 celebraciones en otras ciudades de la di\u00f3cesis.<\/p>\n\n\n\n<p>En obispado invita a la participaci\u00f3n en este a\u00f1o dedicado especialmente al anuncio alegre del Evangelio en toda la di\u00f3cesis. \u201cCelebremos con fe viva la presencia de Jes\u00fas que acompa\u00f1a y sostiene siempre a su Pueblo y escuchemos la voz del Padre que dice a cada persona: <strong>\u201cVos sos mi hijo amado\u201d.<\/strong><\/p>\n\n\n\n<figure class=\"wp-block-image size-large\"><img loading=\"lazy\" width=\"1024\" height=\"1024\" src=\"https:\/\/www.obispado-mdp.org.ar\/a\/wp-content\/uploads\/2023\/06\/CORPUS-2023-IG-1024x1024.jpg\" alt=\"\" class=\"wp-image-40526\"\/><\/figure>\n","protected":false},"excerpt":{"rendered":"<p>Este s\u00e1bado a partir de las 15 en la Catedral de los Santos Pedro y Cecilia. Luego de la Mise se realizar\u00e1 la tradicional procesi\u00f3n con el Sant\u00edsimo Sacramento por las calles del centro bajo el lema \u00abVengan a m\u00ed\u00bb (Mt 11,28). Como lo hace la Iglesia Cat\u00f3lica en todo el mundo, este s\u00e1bado se [&hellip;]<\/p>\n","protected":false},"author":4,"featured_media":40527,"comment_status":"open","ping_status":"open","sticky":false,"template":"","format":"standard","meta":{"_et_pb_use_builder":"","_et_pb_old_content":"","_et_gb_content_width":""},"categories":[4],"tags":[],"aioseo_notices":[],"_links":{"self":[{"href":"https:\/\/www.obispado-mdp.org.ar\/a\/wp-json\/wp\/v2\/posts\/40525"}],"collection":[{"href":"https:\/\/www.obispado-mdp.org.ar\/a\/wp-json\/wp\/v2\/posts"}],"about":[{"href":"https:\/\/www.obispado-mdp.org.ar\/a\/wp-json\/wp\/v2\/types\/post"}],"author":[{"embeddable":true,"href":"https:\/\/www.obispado-mdp.org.ar\/a\/wp-json\/wp\/v2\/users\/4"}],"replies":[{"embeddable":true,"href":"https:\/\/www.obispado-mdp.org.ar\/a\/wp-json\/wp\/v2\/comments?post=40525"}],"version-history":[{"count":3,"href":"https:\/\/www.obispado-mdp.org.ar\/a\/wp-json\/wp\/v2\/posts\/40525\/revisions"}],"predecessor-version":[{"id":40531,"href":"https:\/\/www.obispado-mdp.org.ar\/a\/wp-json\/wp\/v2\/posts\/40525\/revisions\/40531"}],"wp:featuredmedia":[{"embeddable":true,"href":"https:\/\/www.obispado-mdp.org.ar\/a\/wp-json\/wp\/v2\/media\/40527"}],"wp:attachment":[{"href":"https:\/\/www.obispado-mdp.org.ar\/a\/wp-json\/wp\/v2\/media?parent=40525"}],"wp:term":[{"taxonomy":"category","embeddable":true,"href":"https:\/\/www.obispado-mdp.org.ar\/a\/wp-json\/wp\/v2\/categories?post=40525"},{"taxonomy":"post_tag","embeddable":true,"href":"https:\/\/www.obispado-mdp.org.ar\/a\/wp-json\/wp\/v2\/tags?post=40525"}],"curies":[{"name":"wp","href":"https:\/\/api.w.org\/{rel}","templated":true}]}}