{"id":40533,"date":"2023-06-09T18:01:06","date_gmt":"2023-06-09T21:01:06","guid":{"rendered":"https:\/\/www.obispado-mdp.org.ar\/a\/?p=40533"},"modified":"2023-06-09T18:12:39","modified_gmt":"2023-06-09T21:12:39","slug":"colecta-anual-de-caritas-todos-ayudamos","status":"publish","type":"post","link":"https:\/\/www.obispado-mdp.org.ar\/a\/colecta-anual-de-caritas-todos-ayudamos\/","title":{"rendered":"COLECTA ANUAL DE CARITAS. TODOS AYUDAMOS."},"content":{"rendered":"\n<p class=\"has-white-color has-vivid-red-background-color has-text-color has-background\"><strong>\u00a0Comienza la colecta anual de C\u00e1ritas Argentina edici\u00f3n 2023. Se realiza en todo el pa\u00eds este s\u00e1bado 10 y el domingo 11 de junio bajo el lema \u201cMirarnos, Encontrarnos, Ayudarnos\u201d.<\/strong><\/p>\n\n\n\n<p>\u201cLa Colecta Anual de C\u00e1ritas es una ocasi\u00f3n para estar cerca; cerca del dolor y sufrimiento de tantas y tantos que necesitan la caricia de una ayuda que alivie su situaci\u00f3n; es una oportunidad para comprometernos para acortar distancias. Mirar cara a cara, mirar a los ojos de las personas de carne y hueso que est\u00e1n traspasados por una carencia de salud, de un trabajo, de comida saludable, de afecto, de contenci\u00f3n, falta de cuidado en sus fragilidades, sus adicciones, sea cual fuere su edad, su procedencia, su credo o cualquier otra particularidad personal y social.<\/p>\n\n\n\n<figure class=\"wp-block-video\"><video controls src=\"https:\/\/www.obispado-mdp.org.ar\/a\/wp-content\/uploads\/2023\/06\/SPOT-COLECTA-1.mp4\"><\/video><\/figure>\n","protected":false},"excerpt":{"rendered":"<p>\u00a0Comienza la colecta anual de C\u00e1ritas Argentina edici\u00f3n 2023. Se realiza en todo el pa\u00eds este s\u00e1bado 10 y el domingo 11 de junio bajo el lema \u201cMirarnos, Encontrarnos, Ayudarnos\u201d. \u201cLa Colecta Anual de C\u00e1ritas es una ocasi\u00f3n para estar cerca; cerca del dolor y sufrimiento de tantas y tantos que necesitan la caricia de [&hellip;]<\/p>\n","protected":false},"author":4,"featured_media":40535,"comment_status":"open","ping_status":"open","sticky":false,"template":"","format":"standard","meta":{"_et_pb_use_builder":"","_et_pb_old_content":"","_et_gb_content_width":""},"categories":[4],"tags":[],"aioseo_notices":[],"_links":{"self":[{"href":"https:\/\/www.obispado-mdp.org.ar\/a\/wp-json\/wp\/v2\/posts\/40533"}],"collection":[{"href":"https:\/\/www.obispado-mdp.org.ar\/a\/wp-json\/wp\/v2\/posts"}],"about":[{"href":"https:\/\/www.obispado-mdp.org.ar\/a\/wp-json\/wp\/v2\/types\/post"}],"author":[{"embeddable":true,"href":"https:\/\/www.obispado-mdp.org.ar\/a\/wp-json\/wp\/v2\/users\/4"}],"replies":[{"embeddable":true,"href":"https:\/\/www.obispado-mdp.org.ar\/a\/wp-json\/wp\/v2\/comments?post=40533"}],"version-history":[{"count":1,"href":"https:\/\/www.obispado-mdp.org.ar\/a\/wp-json\/wp\/v2\/posts\/40533\/revisions"}],"predecessor-version":[{"id":40536,"href":"https:\/\/www.obispado-mdp.org.ar\/a\/wp-json\/wp\/v2\/posts\/40533\/revisions\/40536"}],"wp:featuredmedia":[{"embeddable":true,"href":"https:\/\/www.obispado-mdp.org.ar\/a\/wp-json\/wp\/v2\/media\/40535"}],"wp:attachment":[{"href":"https:\/\/www.obispado-mdp.org.ar\/a\/wp-json\/wp\/v2\/media?parent=40533"}],"wp:term":[{"taxonomy":"category","embeddable":true,"href":"https:\/\/www.obispado-mdp.org.ar\/a\/wp-json\/wp\/v2\/categories?post=40533"},{"taxonomy":"post_tag","embeddable":true,"href":"https:\/\/www.obispado-mdp.org.ar\/a\/wp-json\/wp\/v2\/tags?post=40533"}],"curies":[{"name":"wp","href":"https:\/\/api.w.org\/{rel}","templated":true}]}}