{"id":40537,"date":"2023-06-09T18:46:26","date_gmt":"2023-06-09T21:46:26","guid":{"rendered":"https:\/\/www.obispado-mdp.org.ar\/a\/?p=40537"},"modified":"2023-06-09T18:50:12","modified_gmt":"2023-06-09T21:50:12","slug":"ordenacion-diaconal-de-daniel-gomez-en-madariaga","status":"publish","type":"post","link":"https:\/\/www.obispado-mdp.org.ar\/a\/ordenacion-diaconal-de-daniel-gomez-en-madariaga\/","title":{"rendered":"ORDENACI\u00d3N DIACONAL DE DANIEL GOMEZ EN MADARIAGA"},"content":{"rendered":"\n<p class=\"has-pale-cyan-blue-background-color has-background\"><strong>&nbsp;<\/strong><strong>\u201cAqu\u00ed estoy Se\u00f1or, para hacer tu voluntad\u201d fue el lema elegido por Daniel para su ordenaci\u00f3n como di\u00e1cono permanente por la imposici\u00f3n de las manos del padre obispo Gabriel en General Madariaga (cf. Heb 10,9)<\/strong><\/p>\n\n\n\n<p>Este viernes 9 de junio se realiz\u00f3 en la Parroquia Sagrado Coraz\u00f3n de Gral. Madariaga la santa Misa de ordenaci\u00f3n diaconal de Daniel Gomez presidida por el obispo Gabriel Mestre que estuvo acompa\u00f1ado por los sacerdotes de la parroquia y de las ciudades vecinas. Daniel estuvo acompa\u00f1ado de su esposa M\u00f3nica y su familia, amigos y miembros de la comunidad de la que participa hace mucho tiempo.<\/p>\n\n\n\n<p><strong><em>Homil\u00eda ordenaci\u00f3n diaconal de Daniel G\u00f3mez<\/em><\/strong><\/p>\n\n\n\n<p><strong>Queridas hermanas y queridos hermanos:<\/strong><\/p>\n\n\n\n<p>En las v\u00edsperas de la Solemnidad del Cuerpo y la Sangre de Cristo y en la Novena del Sagrado Coraz\u00f3n de Jes\u00fas, con mucho gozo compartimos en esta Eucarist\u00eda la ordenaci\u00f3n diaconal de Daniel G\u00f3mez, casado y con familia, que se incorporan al servicio ministerial en nuestra Iglesia Diocesana. El lema com\u00fan y las lecturas del d\u00eda, tomadas de la Misa Ritual para el Orden Sagrado y de la Virgen, nos dan elementos interesantes para compartir una breve reflexi\u00f3n sintetizada en tres palabras: HUMILDAD, FE, H\u00c1GASE.<\/p>\n\n\n\n<p><a><strong>1- HUMILDAD ante Dios y su Pueblo<\/strong><\/a><\/p>\n\n\n\n<p><strong>2- \u201cFirmeza en la FE de Jesucristo\u201d (1Tim 3,13)<\/strong><\/p>\n\n\n\n<p><strong>3- <a>\u201cH\u00c1GASE en m\u00ed seg\u00fan tu Palabra\u201d (Lc 1,38)<\/a><\/strong><\/p>\n\n\n\n<p><strong>Leer homil\u00eda completa: <\/strong><a href=\"https:\/\/www.obispado-mdp.org.ar\/a\/wp-content\/uploads\/2023\/06\/MESTRE-Homilia-ordenacion-diaconal-Daniel-G.-080623-1.pdf\"><strong>https:\/\/www.obispado-mdp.org.ar\/a\/wp-content\/uploads\/2023\/06\/MESTRE-Homilia-ordenacion-diaconal-Daniel-G.-080623-1.pdf<\/strong><\/a><strong><\/strong><\/p>\n\n\n\n<p><strong>Para concluir, el obispo <\/strong>agradeci\u00f3 al padre Ezequiel Kseim en el inicio de la formaci\u00f3n, y al padre Fernando Mendoza en la actualidad, por el servicio de acompa\u00f1amiento en la formaci\u00f3n de Daniel. Tambi\u00e9n agradeci\u00f3 al padre Daniel Climente y al padre Alejandro Mart\u00ednez, a la comunidad del Sagrado Coraz\u00f3n de Jes\u00fas de General Madariaga: laicos, consagradas y pastores que han cuidado su camino vocacional. De manera particular agradezco a M\u00f3nica, esposa de Daniel y el resto de su familia y amigos que lo han acompa\u00f1ado y lo acompa\u00f1ar\u00e1n en esta nueva etapa de su vida.<\/p>\n\n\n\n<p>Fotos: Rosa Herrera<\/p>\n\n\n\n<figure class=\"wp-container-2 wp-block-gallery-1 wp-block-gallery has-nested-images columns-default is-cropped\">\n<figure class=\"wp-block-image size-large\"><img loading=\"lazy\" width=\"960\" height=\"660\" data-id=\"40540\"  src=\"https:\/\/www.obispado-mdp.org.ar\/a\/wp-content\/uploads\/2023\/06\/57868f93-e172-46f7-a51c-b41b18da372f.jpg\" alt=\"\" class=\"wp-image-40540\"\/><\/figure>\n\n\n\n<figure class=\"wp-block-image size-large\"><img loading=\"lazy\" width=\"959\" height=\"924\" data-id=\"40539\"  src=\"https:\/\/www.obispado-mdp.org.ar\/a\/wp-content\/uploads\/2023\/06\/d8bdce05-ff64-4c29-9361-a946b9b91f38.jpg\" alt=\"\" class=\"wp-image-40539\"\/><\/figure>\n\n\n\n<figure class=\"wp-block-image size-large\"><img loading=\"lazy\" width=\"1024\" height=\"768\" data-id=\"40538\"  src=\"https:\/\/www.obispado-mdp.org.ar\/a\/wp-content\/uploads\/2023\/06\/f56539b4-38b8-4b91-9ea9-67b8657171b7-1024x768.jpg\" alt=\"\" class=\"wp-image-40538\"\/><\/figure>\n<\/figure>\n\n\n\n<figure class=\"wp-container-4 wp-block-gallery-3 wp-block-gallery has-nested-images columns-default is-cropped\">\n<figure class=\"wp-block-image size-large\"><img loading=\"lazy\" width=\"768\" height=\"1024\" data-id=\"40541\"  src=\"https:\/\/www.obispado-mdp.org.ar\/a\/wp-content\/uploads\/2023\/06\/0a26882f-e210-49da-92c8-8add2b4a1a76-768x1024.jpg\" alt=\"\" class=\"wp-image-40541\"\/><\/figure>\n\n\n\n<figure class=\"wp-block-image size-large\"><img loading=\"lazy\" width=\"768\" height=\"1024\" data-id=\"40542\"  src=\"https:\/\/www.obispado-mdp.org.ar\/a\/wp-content\/uploads\/2023\/06\/afea1f52-7559-4a1a-a993-39608507ad7c-768x1024.jpg\" alt=\"\" class=\"wp-image-40542\"\/><\/figure>\n<\/figure>\n\n\n\n<figure class=\"wp-block-image size-full\"><img loading=\"lazy\" width=\"959\" height=\"580\" src=\"https:\/\/www.obispado-mdp.org.ar\/a\/wp-content\/uploads\/2023\/06\/ultima.jpg\" alt=\"\" class=\"wp-image-40545\"\/><\/figure>\n","protected":false},"excerpt":{"rendered":"<p>&nbsp;\u201cAqu\u00ed estoy Se\u00f1or, para hacer tu voluntad\u201d fue el lema elegido por Daniel para su ordenaci\u00f3n como di\u00e1cono permanente por la imposici\u00f3n de las manos del padre obispo Gabriel en General Madariaga (cf. Heb 10,9) Este viernes 9 de junio se realiz\u00f3 en la Parroquia Sagrado Coraz\u00f3n de Gral. Madariaga la santa Misa de ordenaci\u00f3n [&hellip;]<\/p>\n","protected":false},"author":4,"featured_media":40543,"comment_status":"open","ping_status":"open","sticky":false,"template":"","format":"standard","meta":{"_et_pb_use_builder":"","_et_pb_old_content":"","_et_gb_content_width":""},"categories":[4],"tags":[],"aioseo_notices":[],"_links":{"self":[{"href":"https:\/\/www.obispado-mdp.org.ar\/a\/wp-json\/wp\/v2\/posts\/40537"}],"collection":[{"href":"https:\/\/www.obispado-mdp.org.ar\/a\/wp-json\/wp\/v2\/posts"}],"about":[{"href":"https:\/\/www.obispado-mdp.org.ar\/a\/wp-json\/wp\/v2\/types\/post"}],"author":[{"embeddable":true,"href":"https:\/\/www.obispado-mdp.org.ar\/a\/wp-json\/wp\/v2\/users\/4"}],"replies":[{"embeddable":true,"href":"https:\/\/www.obispado-mdp.org.ar\/a\/wp-json\/wp\/v2\/comments?post=40537"}],"version-history":[{"count":2,"href":"https:\/\/www.obispado-mdp.org.ar\/a\/wp-json\/wp\/v2\/posts\/40537\/revisions"}],"predecessor-version":[{"id":40547,"href":"https:\/\/www.obispado-mdp.org.ar\/a\/wp-json\/wp\/v2\/posts\/40537\/revisions\/40547"}],"wp:featuredmedia":[{"embeddable":true,"href":"https:\/\/www.obispado-mdp.org.ar\/a\/wp-json\/wp\/v2\/media\/40543"}],"wp:attachment":[{"href":"https:\/\/www.obispado-mdp.org.ar\/a\/wp-json\/wp\/v2\/media?parent=40537"}],"wp:term":[{"taxonomy":"category","embeddable":true,"href":"https:\/\/www.obispado-mdp.org.ar\/a\/wp-json\/wp\/v2\/categories?post=40537"},{"taxonomy":"post_tag","embeddable":true,"href":"https:\/\/www.obispado-mdp.org.ar\/a\/wp-json\/wp\/v2\/tags?post=40537"}],"curies":[{"name":"wp","href":"https:\/\/api.w.org\/{rel}","templated":true}]}}