{"id":40549,"date":"2023-06-10T17:08:20","date_gmt":"2023-06-10T20:08:20","guid":{"rendered":"https:\/\/www.obispado-mdp.org.ar\/a\/?p=40549"},"modified":"2023-06-11T09:26:23","modified_gmt":"2023-06-11T12:26:23","slug":"mar-del-plata-celebro-el-misterio-de-la-eucaristia-en-las-calles-de-la-ciudad","status":"publish","type":"post","link":"https:\/\/www.obispado-mdp.org.ar\/a\/mar-del-plata-celebro-el-misterio-de-la-eucaristia-en-las-calles-de-la-ciudad\/","title":{"rendered":"MAR DEL PLATA CELEBR\u00d3 EL MISTERIO DE LA EUCARIST\u00cdA EN LAS CALLES DE LA CIUDAD."},"content":{"rendered":"\n<p class=\"has-pale-cyan-blue-background-color has-background\"><strong>Este a\u00f1o en la Solemnidad del Sant\u00edsimo Cuerpo y Sangre de Cristo, la Iglesia de Mar del Plata, presidida por el padre obispo Gabriel, junto a los sacerdotes y toda la comunidad, compartieron la Santa Misa y la procesi\u00f3n de Corpus Christi bajo el lema <\/strong><strong>\u00ab<\/strong><strong>Vengan a m\u00ed\u00bb (Mt 11,28).<\/strong><strong><\/strong><\/p>\n\n\n\n<p>La celebraci\u00f3n se inici\u00f3 con la Santa Misa en la Iglesia Catedral. Participaron de la ceremonia el intendente municipal Guillermo Montenegro, la presidenta del HCD, Marina S\u00e1nchez Herrero, autoridades del HCD, representantes de las distintas fuerzas pol\u00edticas, econ\u00f3mica, del trabajo y la sociedad.<\/p>\n\n\n\n<p>Posteriormente se realiz\u00f3 la tradicional procesi\u00f3n con el Sant\u00edsimo Sacramento por las calles del centro de Mar del Plata. Recorri\u00f3 las calles Mitre, Rivadavia, Catamarca, San Martin y al llegar a las escalinatas Mons. Mestre imparti\u00f3 la bendici\u00f3n a todos los presentes. Como todos los a\u00f1os la procesi\u00f3n tuvo participaci\u00f3n multitudinaria de los fieles de las parroquias, capillas, e instituciones educativas religiosas de toda la ciudad.<\/p>\n\n\n\n<p>HOMIL\u00cdA DEL OBISPO<\/p>\n\n\n\n<p>Mons. Mestre en su homil\u00eda hizo referencia a la colecta de CARITAS. Dijo el obispo \u201cCaritas nos invita a&nbsp;<strong>\u00abMirarnos. Encontrarnos. Ayudarnos\u00bb. <\/strong>Cada a\u00f1o la Colecta se realiza con un lema que invita a la reflexi\u00f3n solidaria y a mirar las historias de trabajo comunitario que muestran, a modo de ejemplo, la acci\u00f3n transformadora de C\u00e1ritas en todo el pa\u00eds\u201d.<\/p>\n\n\n\n<p>En este Domingo del Sant\u00edsimo Cuerpo y Sangre de Cristo, el padre Obispo Gabriel nos ofrece tres puntos para Celebrar el Misterio de la Eucarist\u00eda con para nuestra oraci\u00f3n y meditaci\u00f3n, sintetizados en tres palabras: HAMBRE, VENGAN, SACIAR.<\/p>\n\n\n\n<p><strong>1.<\/strong>&nbsp;&nbsp;&nbsp;&nbsp;&nbsp;<strong>Nuestra experiencia del HAMBRE<\/strong><\/p>\n\n\n\n<p><strong>2.<\/strong>&nbsp;&nbsp;&nbsp;&nbsp;&nbsp;<strong>Vengan a M\u00ed<\/strong><\/p>\n\n\n\n<p><strong>3.<\/strong>&nbsp;&nbsp;&nbsp;&nbsp;&nbsp;<strong>Saciar<\/strong><\/p>\n\n\n\n<p>\u201c<strong>Hambre<\/strong>. Es necesario hacer un repaso de los distintos tipos de hambre que tenemos hoy, los buenos y los malos. Orient\u00e1ndonos de manera particular al hambre de Dios, que como disc\u00edpulos tenemos que mantener y renovar en este tiempo que estamos transitando en la Iglesia.<\/p>\n\n\n\n<p><strong>Vengan.<\/strong> Jes\u00fas nos dice \u201cvengan a m\u00ed\u201d, entendido en clave eucar\u00edstica y tal como lo expresan los textos evang\u00e9licos, Jes\u00fas se ofrece como alimento para saciar nuestro coraz\u00f3n, nuestra vida y nuestros anhelos m\u00e1s profundos.<\/p>\n\n\n\n<p><strong>Saciar<\/strong>. Somos invitados como comunidad cristiana a saciar el hambre de nuestra gente y de nuestro pueblo, tambi\u00e9n el hambre de Dios y los distintos tipos de hambre. Providencialmente tenemos en la celebraci\u00f3n del Corpus la colecta anual de Caritas que nos permite mirar a Dios y a todas las necesidades humanas que dan dignidad al ser humano para que desde nuestra fe nos comprometamos y podamos responder en el amor a las necesitados de tantos hermanos nuestros en toda nuestra Patria\u201d.<\/p>\n\n\n\n<p>Fotos: Elena Navas <\/p>\n\n\n\n<figure class=\"wp-container-2 wp-block-gallery-1 wp-block-gallery has-nested-images columns-default is-cropped\">\n<figure class=\"wp-block-image size-large\"><img loading=\"lazy\" width=\"1024\" height=\"472\" data-id=\"40552\"  src=\"https:\/\/www.obispado-mdp.org.ar\/a\/wp-content\/uploads\/2023\/06\/2b179a9d-982f-4c43-96df-07527b119dcc-1024x472.jpg\" alt=\"\" class=\"wp-image-40552\"\/><\/figure>\n\n\n\n<figure class=\"wp-block-image size-large\"><img loading=\"lazy\" width=\"1024\" height=\"472\" data-id=\"40551\"  src=\"https:\/\/www.obispado-mdp.org.ar\/a\/wp-content\/uploads\/2023\/06\/20a32afb-c9fe-45a6-a2f6-9ab405fa49d3-1-1024x472.jpg\" alt=\"\" class=\"wp-image-40551\"\/><\/figure>\n\n\n\n<figure class=\"wp-block-image size-large\"><img loading=\"lazy\" width=\"1024\" height=\"472\" data-id=\"40554\"  src=\"https:\/\/www.obispado-mdp.org.ar\/a\/wp-content\/uploads\/2023\/06\/0900fdbf-e59f-4b71-8ec7-a8acd5db1c36-1024x472.jpg\" alt=\"\" class=\"wp-image-40554\"\/><\/figure>\n\n\n\n<figure class=\"wp-block-image size-large\"><img loading=\"lazy\" width=\"1024\" height=\"472\" data-id=\"40553\"  src=\"https:\/\/www.obispado-mdp.org.ar\/a\/wp-content\/uploads\/2023\/06\/bb807e7a-1fdb-429a-a378-6579255946f6-1024x472.jpg\" alt=\"\" class=\"wp-image-40553\"\/><\/figure>\n<\/figure>\n\n\n\n<hr class=\"wp-block-separator has-alpha-channel-opacity\"\/>\n\n\n\n<figure class=\"wp-container-4 wp-block-gallery-3 wp-block-gallery has-nested-images columns-default is-cropped\">\n<figure class=\"wp-block-image size-large\"><img loading=\"lazy\" width=\"1024\" height=\"472\" data-id=\"40556\"  src=\"https:\/\/www.obispado-mdp.org.ar\/a\/wp-content\/uploads\/2023\/06\/7c31a773-d53e-41ec-a0a8-a5717c043966-1024x472.jpg\" alt=\"\" class=\"wp-image-40556\"\/><\/figure>\n\n\n\n<figure class=\"wp-block-image size-large\"><img loading=\"lazy\" width=\"1024\" height=\"472\" data-id=\"40560\"  src=\"https:\/\/www.obispado-mdp.org.ar\/a\/wp-content\/uploads\/2023\/06\/9ec0646e-5a82-4fb2-aa0d-72ff213d8814-1024x472.jpg\" alt=\"\" class=\"wp-image-40560\"\/><\/figure>\n\n\n\n<figure class=\"wp-block-image size-large\"><img loading=\"lazy\" width=\"1024\" height=\"472\" data-id=\"40557\"  src=\"https:\/\/www.obispado-mdp.org.ar\/a\/wp-content\/uploads\/2023\/06\/82dd408b-df58-4dc3-8894-d73caa0d0a3c-1024x472.jpg\" alt=\"\" class=\"wp-image-40557\"\/><\/figure>\n\n\n\n<figure class=\"wp-block-image size-large\"><img loading=\"lazy\" width=\"1024\" height=\"472\" data-id=\"40558\"  src=\"https:\/\/www.obispado-mdp.org.ar\/a\/wp-content\/uploads\/2023\/06\/388f5c39-1b41-477e-b4b7-4f9e58274f39-1024x472.jpg\" alt=\"\" class=\"wp-image-40558\"\/><\/figure>\n\n\n\n<figure class=\"wp-block-image size-large\"><img loading=\"lazy\" width=\"1024\" height=\"576\" data-id=\"40559\"  src=\"https:\/\/www.obispado-mdp.org.ar\/a\/wp-content\/uploads\/2023\/06\/2222222-1024x576.jpg\" alt=\"\" class=\"wp-image-40559\"\/><\/figure>\n\n\n\n<figure class=\"wp-block-image size-large\"><img loading=\"lazy\" width=\"1024\" height=\"472\" data-id=\"40555\"  src=\"https:\/\/www.obispado-mdp.org.ar\/a\/wp-content\/uploads\/2023\/06\/a2a6bd9f-29d0-4480-9a67-1a8bf4bc9f72-1024x472.jpg\" alt=\"\" class=\"wp-image-40555\"\/><\/figure>\n<\/figure>\n","protected":false},"excerpt":{"rendered":"<p>Este a\u00f1o en la Solemnidad del Sant\u00edsimo Cuerpo y Sangre de Cristo, la Iglesia de Mar del Plata, presidida por el padre obispo Gabriel, junto a los sacerdotes y toda la comunidad, compartieron la Santa Misa y la procesi\u00f3n de Corpus Christi bajo el lema \u00abVengan a m\u00ed\u00bb (Mt 11,28). La celebraci\u00f3n se inici\u00f3 con [&hellip;]<\/p>\n","protected":false},"author":4,"featured_media":40561,"comment_status":"open","ping_status":"open","sticky":false,"template":"","format":"standard","meta":{"_et_pb_use_builder":"","_et_pb_old_content":"","_et_gb_content_width":""},"categories":[4,12],"tags":[],"aioseo_notices":[],"_links":{"self":[{"href":"https:\/\/www.obispado-mdp.org.ar\/a\/wp-json\/wp\/v2\/posts\/40549"}],"collection":[{"href":"https:\/\/www.obispado-mdp.org.ar\/a\/wp-json\/wp\/v2\/posts"}],"about":[{"href":"https:\/\/www.obispado-mdp.org.ar\/a\/wp-json\/wp\/v2\/types\/post"}],"author":[{"embeddable":true,"href":"https:\/\/www.obispado-mdp.org.ar\/a\/wp-json\/wp\/v2\/users\/4"}],"replies":[{"embeddable":true,"href":"https:\/\/www.obispado-mdp.org.ar\/a\/wp-json\/wp\/v2\/comments?post=40549"}],"version-history":[{"count":2,"href":"https:\/\/www.obispado-mdp.org.ar\/a\/wp-json\/wp\/v2\/posts\/40549\/revisions"}],"predecessor-version":[{"id":40562,"href":"https:\/\/www.obispado-mdp.org.ar\/a\/wp-json\/wp\/v2\/posts\/40549\/revisions\/40562"}],"wp:featuredmedia":[{"embeddable":true,"href":"https:\/\/www.obispado-mdp.org.ar\/a\/wp-json\/wp\/v2\/media\/40561"}],"wp:attachment":[{"href":"https:\/\/www.obispado-mdp.org.ar\/a\/wp-json\/wp\/v2\/media?parent=40549"}],"wp:term":[{"taxonomy":"category","embeddable":true,"href":"https:\/\/www.obispado-mdp.org.ar\/a\/wp-json\/wp\/v2\/categories?post=40549"},{"taxonomy":"post_tag","embeddable":true,"href":"https:\/\/www.obispado-mdp.org.ar\/a\/wp-json\/wp\/v2\/tags?post=40549"}],"curies":[{"name":"wp","href":"https:\/\/api.w.org\/{rel}","templated":true}]}}