{"id":40564,"date":"2023-06-12T15:55:16","date_gmt":"2023-06-12T18:55:16","guid":{"rendered":"https:\/\/www.obispado-mdp.org.ar\/a\/?p=40564"},"modified":"2023-06-12T15:56:45","modified_gmt":"2023-06-12T18:56:45","slug":"el-obispo-bendijo-el-proyecto-del-cementerio-de-puerto-darwin-en-mar-del-plata","status":"publish","type":"post","link":"https:\/\/www.obispado-mdp.org.ar\/a\/el-obispo-bendijo-el-proyecto-del-cementerio-de-puerto-darwin-en-mar-del-plata\/","title":{"rendered":"EL OBISPO BENDIJO EL PROYECTO DEL CEMENTERIO DE PUERTO DARWIN EN MAR DEL PLATA."},"content":{"rendered":"\n<p>El obispo Gabriel Mestre recibi\u00f3 a los miembros de la fundaci\u00f3n No Me Olvides, que tiene como finalidad mantener viva la memoria de Malvinas. Los miembros de la Fundaci\u00f3n, Julio Aro, Gast\u00f3n Villatoro y Gustavo Cardinalli le hicieron conocer al obispo los avances en el proyecto de construcci\u00f3n en el sur de nuestra ciudad de un Memorial como r\u00e9plica del cementerio de Puerto Darwin de Malvinas.<\/p>\n\n\n\n<p>\u00a0Asimismo le regalaron al obispo Gabriel un cuadro con una imagen del proyecto que pronto comenzara su construcci\u00f3n y una cruz, la primera que lo ingleses colocaron en Malvinas para recordar al soldado argentino desconocido, como s\u00edmbolo de un trabajo por la paz y en contra de la guerra. Por ultimo solicitaron al padre obispo una bendici\u00f3n. \u00a0<\/p>\n\n\n\n<p>Render del proyecto.<\/p>\n\n\n\n<figure class=\"wp-block-embed is-type-video is-provider-youtube wp-block-embed-youtube wp-embed-aspect-16-9 wp-has-aspect-ratio\"><div class=\"wp-block-embed__wrapper\">\n<iframe loading=\"lazy\" title=\"Pre Proyecto FNMO 2\" width=\"1080\" height=\"608\" src=\"https:\/\/www.youtube.com\/embed\/zoBZOHYf0_0?feature=oembed\" frameborder=\"0\" allow=\"accelerometer; autoplay; clipboard-write; encrypted-media; gyroscope; picture-in-picture; web-share\" allowfullscreen><\/iframe>\n<\/div><\/figure>\n\n\n\n<figure class=\"wp-container-2 wp-block-gallery-1 wp-block-gallery has-nested-images columns-default is-cropped\">\n<figure class=\"wp-block-image size-large\"><img loading=\"lazy\" width=\"1024\" height=\"836\" data-id=\"40566\"  src=\"https:\/\/www.obispado-mdp.org.ar\/a\/wp-content\/uploads\/2023\/06\/8aee2a7e-0b7c-4dfd-a13c-ac1bc1b9ac61-1024x836.jpg\" alt=\"\" class=\"wp-image-40566\"\/><\/figure>\n\n\n\n<figure class=\"wp-block-image size-large\"><img loading=\"lazy\" width=\"1024\" height=\"657\" data-id=\"40565\"  src=\"https:\/\/www.obispado-mdp.org.ar\/a\/wp-content\/uploads\/2023\/06\/93660bb3-abd4-49f8-9d22-9a098b91ea3b-2-1024x657.jpg\" alt=\"\" class=\"wp-image-40565\"\/><\/figure>\n<\/figure>\n","protected":false},"excerpt":{"rendered":"<p>El obispo Gabriel Mestre recibi\u00f3 a los miembros de la fundaci\u00f3n No Me Olvides, que tiene como finalidad mantener viva la memoria de Malvinas. Los miembros de la Fundaci\u00f3n, Julio Aro, Gast\u00f3n Villatoro y Gustavo Cardinalli le hicieron conocer al obispo los avances en el proyecto de construcci\u00f3n en el sur de nuestra ciudad de [&hellip;]<\/p>\n","protected":false},"author":4,"featured_media":40567,"comment_status":"open","ping_status":"open","sticky":false,"template":"","format":"standard","meta":{"_et_pb_use_builder":"","_et_pb_old_content":"","_et_gb_content_width":""},"categories":[4],"tags":[],"aioseo_notices":[],"_links":{"self":[{"href":"https:\/\/www.obispado-mdp.org.ar\/a\/wp-json\/wp\/v2\/posts\/40564"}],"collection":[{"href":"https:\/\/www.obispado-mdp.org.ar\/a\/wp-json\/wp\/v2\/posts"}],"about":[{"href":"https:\/\/www.obispado-mdp.org.ar\/a\/wp-json\/wp\/v2\/types\/post"}],"author":[{"embeddable":true,"href":"https:\/\/www.obispado-mdp.org.ar\/a\/wp-json\/wp\/v2\/users\/4"}],"replies":[{"embeddable":true,"href":"https:\/\/www.obispado-mdp.org.ar\/a\/wp-json\/wp\/v2\/comments?post=40564"}],"version-history":[{"count":1,"href":"https:\/\/www.obispado-mdp.org.ar\/a\/wp-json\/wp\/v2\/posts\/40564\/revisions"}],"predecessor-version":[{"id":40568,"href":"https:\/\/www.obispado-mdp.org.ar\/a\/wp-json\/wp\/v2\/posts\/40564\/revisions\/40568"}],"wp:featuredmedia":[{"embeddable":true,"href":"https:\/\/www.obispado-mdp.org.ar\/a\/wp-json\/wp\/v2\/media\/40567"}],"wp:attachment":[{"href":"https:\/\/www.obispado-mdp.org.ar\/a\/wp-json\/wp\/v2\/media?parent=40564"}],"wp:term":[{"taxonomy":"category","embeddable":true,"href":"https:\/\/www.obispado-mdp.org.ar\/a\/wp-json\/wp\/v2\/categories?post=40564"},{"taxonomy":"post_tag","embeddable":true,"href":"https:\/\/www.obispado-mdp.org.ar\/a\/wp-json\/wp\/v2\/tags?post=40564"}],"curies":[{"name":"wp","href":"https:\/\/api.w.org\/{rel}","templated":true}]}}