{"id":40571,"date":"2023-06-13T17:06:03","date_gmt":"2023-06-13T20:06:03","guid":{"rendered":"https:\/\/www.obispado-mdp.org.ar\/a\/?p=40571"},"modified":"2023-06-13T17:23:27","modified_gmt":"2023-06-13T20:23:27","slug":"memoria-historia-y-verdad","status":"publish","type":"post","link":"https:\/\/www.obispado-mdp.org.ar\/a\/memoria-historia-y-verdad\/","title":{"rendered":"MEMORIA, HISTORIA y VERDAD"},"content":{"rendered":"\n<p class=\"has-pale-cyan-blue-background-color has-background\"><strong>Panel de expertos sobre el papel de la Iglesia Cat\u00f3lica en los a\u00f1os de la dictadura.<\/strong><\/p>\n\n\n\n<p>En el marco de la Semana Social 2023 se realizar\u00e1 un panel de investigadores sobre la obra \u00abLa verdad los har\u00e1 libres\u00bb y sobre el papel de la Iglesia Cat\u00f3lica en los a\u00f1os de la dictadura. Ser\u00e1 el viernes 30 de junio pr\u00f3ximo a las 19 hs.&nbsp;hotel 13 de Julio (Mitre y 9 de Julio &#8211; Mar del Plata) con entrada libre y gratuita<\/p>\n\n\n\n<p>Invitan Comisi\u00f3n Episcopal de Pastoral Social y Obispado de Mar del Plata.<\/p>\n\n\n\n<p>\u201cLa verdad los har\u00e1 libres\u201d (Editorial Planeta), una obra monumental de tres tomos sobre la actuaci\u00f3n de la Iglesia cat\u00f3lica en los procesos de violencia en Argentina entre 1966 y 1983.<\/p>\n\n\n\n<p>Por primera vez y de forma excepcional, se ha trabajado con toda la documentaci\u00f3n del archivo de la Conferencia Episcopal Argentina y del archivo corriente de la Santa Sede, incluida la Secretar\u00eda de Estado, el Consejo para los Asuntos P\u00fablicos de la Iglesia y la Nunciatura en la Argentina, entre otros. Esta originalidad convierte la obra en la primera en su tipo a nivel mundial dado que habitualmente el acceso a estos fondos se hace disponible para los investigadores luego de unos setenta a\u00f1os desde su producci\u00f3n.<\/p>\n\n\n\n<figure class=\"wp-block-image size-full is-resized\"><img loading=\"lazy\" src=\"https:\/\/www.obispado-mdp.org.ar\/a\/wp-content\/uploads\/2023\/06\/libros.jpg\" alt=\"\" class=\"wp-image-40573\" width=\"579\" height=\"324\"\/><\/figure>\n","protected":false},"excerpt":{"rendered":"<p>Panel de expertos sobre el papel de la Iglesia Cat\u00f3lica en los a\u00f1os de la dictadura. En el marco de la Semana Social 2023 se realizar\u00e1 un panel de investigadores sobre la obra \u00abLa verdad los har\u00e1 libres\u00bb y sobre el papel de la Iglesia Cat\u00f3lica en los a\u00f1os de la dictadura. Ser\u00e1 el viernes [&hellip;]<\/p>\n","protected":false},"author":4,"featured_media":40575,"comment_status":"open","ping_status":"open","sticky":false,"template":"","format":"standard","meta":{"_et_pb_use_builder":"","_et_pb_old_content":"","_et_gb_content_width":""},"categories":[4],"tags":[],"aioseo_notices":[],"_links":{"self":[{"href":"https:\/\/www.obispado-mdp.org.ar\/a\/wp-json\/wp\/v2\/posts\/40571"}],"collection":[{"href":"https:\/\/www.obispado-mdp.org.ar\/a\/wp-json\/wp\/v2\/posts"}],"about":[{"href":"https:\/\/www.obispado-mdp.org.ar\/a\/wp-json\/wp\/v2\/types\/post"}],"author":[{"embeddable":true,"href":"https:\/\/www.obispado-mdp.org.ar\/a\/wp-json\/wp\/v2\/users\/4"}],"replies":[{"embeddable":true,"href":"https:\/\/www.obispado-mdp.org.ar\/a\/wp-json\/wp\/v2\/comments?post=40571"}],"version-history":[{"count":1,"href":"https:\/\/www.obispado-mdp.org.ar\/a\/wp-json\/wp\/v2\/posts\/40571\/revisions"}],"predecessor-version":[{"id":40574,"href":"https:\/\/www.obispado-mdp.org.ar\/a\/wp-json\/wp\/v2\/posts\/40571\/revisions\/40574"}],"wp:featuredmedia":[{"embeddable":true,"href":"https:\/\/www.obispado-mdp.org.ar\/a\/wp-json\/wp\/v2\/media\/40575"}],"wp:attachment":[{"href":"https:\/\/www.obispado-mdp.org.ar\/a\/wp-json\/wp\/v2\/media?parent=40571"}],"wp:term":[{"taxonomy":"category","embeddable":true,"href":"https:\/\/www.obispado-mdp.org.ar\/a\/wp-json\/wp\/v2\/categories?post=40571"},{"taxonomy":"post_tag","embeddable":true,"href":"https:\/\/www.obispado-mdp.org.ar\/a\/wp-json\/wp\/v2\/tags?post=40571"}],"curies":[{"name":"wp","href":"https:\/\/api.w.org\/{rel}","templated":true}]}}