{"id":40582,"date":"2023-06-16T18:07:49","date_gmt":"2023-06-16T21:07:49","guid":{"rendered":"https:\/\/www.obispado-mdp.org.ar\/a\/?p=40582"},"modified":"2023-06-16T18:11:00","modified_gmt":"2023-06-16T21:11:00","slug":"el-padre-obispo-gabriel-en-panama","status":"publish","type":"post","link":"https:\/\/www.obispado-mdp.org.ar\/a\/el-padre-obispo-gabriel-en-panama\/","title":{"rendered":"EL PADRE OBISPO GABRIEL EN PANAMA."},"content":{"rendered":"\n<p class=\"has-pale-cyan-blue-background-color has-background\"><strong>El padre obispo Gabriel participa en el <em>Encuentro Latinoamericano de Comisiones Episcopales de Catequesis <\/em>como responsable de la CEA.<\/strong><\/p>\n\n\n\n<p>Desde el viernes 16 de junio y durante dos d\u00edas y medios se re\u00fanen en Ciudad de Panam\u00e1 los presidentes de las Comisiones de Catequesis de las diversas Conferencias Episcopales de Am\u00e9rica Latina y el Caribe. Tambi\u00e9n participan algunos miembros de los equipos nacionales de catequesis.<\/p>\n\n\n\n<p>El encuentro es convocado por el arzobispo Rino Fisichella quien est\u00e1 presente en dicho Encuentro y es el Pro-prefecto de la <em>Secci\u00f3n para las cuestiones fundamentales de la evangelizaci\u00f3n en el mundo<\/em> del <em>Dicasterio para la Evangelizaci\u00f3n<\/em>.<\/p>\n\n\n\n<p>Mons. Gabriel Mestre, adem\u00e1s de participar en su calidad de presidente de Catequesis por Argentina, tambi\u00e9n fue invitado a realizar una iluminaci\u00f3n para el momento del discernir. Su ponencia se realiz\u00f3 el viernes por la tarde bajo el t\u00edtulo: \u201cLa Iglesia Particular y la Catequesis a la luz del <em>Directorio de Catequesis<\/em> y <em>Antiquum Ministerium<\/em> del Papa Francisco\u201d.<\/p>\n\n\n\n<p>Participan del Encuentro m\u00e1s de 70 personas representando a 16 Conferencias Episcopales de Am\u00e9rica Latina y el Caribe, adem\u00e1s de miembros del <em>Dicasterio para la Evangelizaci\u00f3n<\/em> y del <em>Laboratorio de Catequesis<\/em> del CELAM. Las ponencias, reuniones y celebraciones se realiza en las instalaciones del Campus de la Universidad Cat\u00f3lica Santa Mar\u00eda de la Antigua (USMA).<\/p>\n\n\n\n<figure class=\"wp-container-2 wp-block-gallery-1 wp-block-gallery has-nested-images columns-default is-cropped\">\n<figure class=\"wp-block-image size-large\"><img loading=\"lazy\" width=\"720\" height=\"614\" data-id=\"40583\"  src=\"https:\/\/www.obispado-mdp.org.ar\/a\/wp-content\/uploads\/2023\/06\/6eaf8fb9-1a9d-43ed-9635-c70d58e1d40a.jpg\" alt=\"\" class=\"wp-image-40583\"\/><\/figure>\n\n\n\n<figure class=\"wp-block-image size-large\"><img loading=\"lazy\" width=\"1024\" height=\"461\" data-id=\"40587\"  src=\"https:\/\/www.obispado-mdp.org.ar\/a\/wp-content\/uploads\/2023\/06\/85cf88e6-55c6-4a52-9f30-c3d3b021f73a-1024x461.jpg\" alt=\"\" class=\"wp-image-40587\"\/><\/figure>\n\n\n\n<figure class=\"wp-block-image size-large\"><img loading=\"lazy\" width=\"1024\" height=\"461\" data-id=\"40590\"  src=\"https:\/\/www.obispado-mdp.org.ar\/a\/wp-content\/uploads\/2023\/06\/466b334b-5519-49ef-b1cb-fc4df6cdc146-1024x461.jpg\" alt=\"\" class=\"wp-image-40590\"\/><\/figure>\n\n\n\n<figure class=\"wp-block-image size-large\"><img loading=\"lazy\" width=\"1024\" height=\"461\" data-id=\"40585\"  src=\"https:\/\/www.obispado-mdp.org.ar\/a\/wp-content\/uploads\/2023\/06\/0898e185-ed3d-4d0d-bd1c-5344d54b6853-1024x461.jpg\" alt=\"\" class=\"wp-image-40585\"\/><\/figure>\n\n\n\n<figure class=\"wp-block-image size-large\"><img loading=\"lazy\" width=\"1024\" height=\"461\" data-id=\"40589\"  src=\"https:\/\/www.obispado-mdp.org.ar\/a\/wp-content\/uploads\/2023\/06\/a60f5d3b-a493-4ea8-a037-bb26e41318ab-1024x461.jpg\" alt=\"\" class=\"wp-image-40589\"\/><\/figure>\n\n\n\n<figure class=\"wp-block-image size-large\"><img loading=\"lazy\" width=\"576\" height=\"580\" data-id=\"40588\"  src=\"https:\/\/www.obispado-mdp.org.ar\/a\/wp-content\/uploads\/2023\/06\/b858215e-c155-4227-be6f-2224312f1a36.jpg\" alt=\"\" class=\"wp-image-40588\"\/><\/figure>\n\n\n\n<figure class=\"wp-block-image size-large\"><img loading=\"lazy\" width=\"720\" height=\"592\" data-id=\"40584\"  src=\"https:\/\/www.obispado-mdp.org.ar\/a\/wp-content\/uploads\/2023\/06\/c765b144-d0cd-47a4-ba5f-19f3a4e170be.jpg\" alt=\"\" class=\"wp-image-40584\"\/><\/figure>\n\n\n\n<figure class=\"wp-block-image size-large\"><img loading=\"lazy\" width=\"900\" height=\"750\" data-id=\"40586\"  src=\"https:\/\/www.obispado-mdp.org.ar\/a\/wp-content\/uploads\/2023\/06\/dd359bcc-abc5-4d1a-b938-3361f977b8cc.jpg\" alt=\"\" class=\"wp-image-40586\"\/><\/figure>\n<\/figure>\n","protected":false},"excerpt":{"rendered":"<p>El padre obispo Gabriel participa en el Encuentro Latinoamericano de Comisiones Episcopales de Catequesis como responsable de la CEA. Desde el viernes 16 de junio y durante dos d\u00edas y medios se re\u00fanen en Ciudad de Panam\u00e1 los presidentes de las Comisiones de Catequesis de las diversas Conferencias Episcopales de Am\u00e9rica Latina y el Caribe. [&hellip;]<\/p>\n","protected":false},"author":4,"featured_media":40591,"comment_status":"open","ping_status":"open","sticky":false,"template":"","format":"standard","meta":{"_et_pb_use_builder":"","_et_pb_old_content":"","_et_gb_content_width":""},"categories":[4,9],"tags":[],"aioseo_notices":[],"_links":{"self":[{"href":"https:\/\/www.obispado-mdp.org.ar\/a\/wp-json\/wp\/v2\/posts\/40582"}],"collection":[{"href":"https:\/\/www.obispado-mdp.org.ar\/a\/wp-json\/wp\/v2\/posts"}],"about":[{"href":"https:\/\/www.obispado-mdp.org.ar\/a\/wp-json\/wp\/v2\/types\/post"}],"author":[{"embeddable":true,"href":"https:\/\/www.obispado-mdp.org.ar\/a\/wp-json\/wp\/v2\/users\/4"}],"replies":[{"embeddable":true,"href":"https:\/\/www.obispado-mdp.org.ar\/a\/wp-json\/wp\/v2\/comments?post=40582"}],"version-history":[{"count":2,"href":"https:\/\/www.obispado-mdp.org.ar\/a\/wp-json\/wp\/v2\/posts\/40582\/revisions"}],"predecessor-version":[{"id":40593,"href":"https:\/\/www.obispado-mdp.org.ar\/a\/wp-json\/wp\/v2\/posts\/40582\/revisions\/40593"}],"wp:featuredmedia":[{"embeddable":true,"href":"https:\/\/www.obispado-mdp.org.ar\/a\/wp-json\/wp\/v2\/media\/40591"}],"wp:attachment":[{"href":"https:\/\/www.obispado-mdp.org.ar\/a\/wp-json\/wp\/v2\/media?parent=40582"}],"wp:term":[{"taxonomy":"category","embeddable":true,"href":"https:\/\/www.obispado-mdp.org.ar\/a\/wp-json\/wp\/v2\/categories?post=40582"},{"taxonomy":"post_tag","embeddable":true,"href":"https:\/\/www.obispado-mdp.org.ar\/a\/wp-json\/wp\/v2\/tags?post=40582"}],"curies":[{"name":"wp","href":"https:\/\/api.w.org\/{rel}","templated":true}]}}