{"id":40594,"date":"2023-06-17T09:49:21","date_gmt":"2023-06-17T12:49:21","guid":{"rendered":"https:\/\/www.obispado-mdp.org.ar\/a\/?p=40594"},"modified":"2023-06-17T10:05:42","modified_gmt":"2023-06-17T13:05:42","slug":"saludo-del-obispo-por-el-dia-del-padre","status":"publish","type":"post","link":"https:\/\/www.obispado-mdp.org.ar\/a\/saludo-del-obispo-por-el-dia-del-padre\/","title":{"rendered":"SALUDO DEL OBISPO POR EL D\u00cdA DEL PADRE."},"content":{"rendered":"\n<p class=\"has-pale-cyan-blue-background-color has-background\"><strong>En el d\u00eda del Padre el obispo Gabriel Mestre envi\u00f3 un saludo a la comunidad, recordando que \u201cla solidez y la ternura son vitales en la vivencia y el ejercicio de la paternidad\u201d.<\/strong><\/p>\n\n\n\n<p>Texto completo del saludo del padre obispo Gabriel Mestre.<br>\u201cCelebramos el d\u00eda del padre quit\u00e1ndole todo sentido comercial, sabemos que todos los d\u00edas son d\u00eda del padre. Deseo que todos podamos celebrar a nuestros padres con la fuerza de Dios en el coraz\u00f3n. Pensaba en dos palabritas: solidez y ternura. La paternidad en la vida de cada persona tiene que reflejar estas dos realidades. La solidez, la firmeza y la autoridad, sin convertirse en autoritarismo ni en nada negativo, debe ir acompa\u00f1ada de la ternura, esa virtud que permite tener un coraz\u00f3n con entra\u00f1as de misericordia en la vivencia y el ejercicio de la paternidad. Muy feliz d\u00eda del padre y que el Se\u00f1or los bendiga: pap\u00e1s, abuelos y bisabuelos. Tengan la gloria los que ya han partido a la casa del Padre Eterno. Amen\u201d<\/p>\n\n\n\n<figure class=\"wp-block-video\"><video controls src=\"https:\/\/www.obispado-mdp.org.ar\/a\/wp-content\/uploads\/2023\/06\/dia-del-Padre.-Saludo-del-obispo.mp4\"><\/video><\/figure>\n","protected":false},"excerpt":{"rendered":"<p>En el d\u00eda del Padre el obispo Gabriel Mestre envi\u00f3 un saludo a la comunidad, recordando que \u201cla solidez y la ternura son vitales en la vivencia y el ejercicio de la paternidad\u201d. Texto completo del saludo del padre obispo Gabriel Mestre.\u201cCelebramos el d\u00eda del padre quit\u00e1ndole todo sentido comercial, sabemos que todos los d\u00edas [&hellip;]<\/p>\n","protected":false},"author":4,"featured_media":0,"comment_status":"open","ping_status":"open","sticky":false,"template":"","format":"standard","meta":{"_et_pb_use_builder":"","_et_pb_old_content":"","_et_gb_content_width":""},"categories":[4,9],"tags":[],"aioseo_notices":[],"_links":{"self":[{"href":"https:\/\/www.obispado-mdp.org.ar\/a\/wp-json\/wp\/v2\/posts\/40594"}],"collection":[{"href":"https:\/\/www.obispado-mdp.org.ar\/a\/wp-json\/wp\/v2\/posts"}],"about":[{"href":"https:\/\/www.obispado-mdp.org.ar\/a\/wp-json\/wp\/v2\/types\/post"}],"author":[{"embeddable":true,"href":"https:\/\/www.obispado-mdp.org.ar\/a\/wp-json\/wp\/v2\/users\/4"}],"replies":[{"embeddable":true,"href":"https:\/\/www.obispado-mdp.org.ar\/a\/wp-json\/wp\/v2\/comments?post=40594"}],"version-history":[{"count":2,"href":"https:\/\/www.obispado-mdp.org.ar\/a\/wp-json\/wp\/v2\/posts\/40594\/revisions"}],"predecessor-version":[{"id":40597,"href":"https:\/\/www.obispado-mdp.org.ar\/a\/wp-json\/wp\/v2\/posts\/40594\/revisions\/40597"}],"wp:attachment":[{"href":"https:\/\/www.obispado-mdp.org.ar\/a\/wp-json\/wp\/v2\/media?parent=40594"}],"wp:term":[{"taxonomy":"category","embeddable":true,"href":"https:\/\/www.obispado-mdp.org.ar\/a\/wp-json\/wp\/v2\/categories?post=40594"},{"taxonomy":"post_tag","embeddable":true,"href":"https:\/\/www.obispado-mdp.org.ar\/a\/wp-json\/wp\/v2\/tags?post=40594"}],"curies":[{"name":"wp","href":"https:\/\/api.w.org\/{rel}","templated":true}]}}