{"id":40619,"date":"2023-08-13T18:30:00","date_gmt":"2023-08-13T21:30:00","guid":{"rendered":"https:\/\/www.obispado-mdp.org.ar\/a\/?p=40619"},"modified":"2023-06-18T08:58:50","modified_gmt":"2023-06-18T11:58:50","slug":"evangelio-segun-san-mateo-1722-27-3","status":"publish","type":"post","link":"https:\/\/www.obispado-mdp.org.ar\/a\/evangelio-segun-san-mateo-1722-27-3\/","title":{"rendered":"Evangelio seg\u00fan San\u00a0Mateo\u00a017,22-27."},"content":{"rendered":"\n<p>Mientras estaban reunidos en Galilea, Jes\u00fas les dijo: \u00abEl Hijo del hombre va a ser entregado en manos de los hombres:<br>lo matar\u00e1n y al tercer d\u00eda resucitar\u00e1\u00bb. Y ellos quedaron muy apenados.<br>Al llegar a Cafarna\u00fan, los cobradores del impuesto del Templo se acercaron a Pedro y le preguntaron: \u00ab\u00bfEl Maestro de ustedes no paga el impuesto?\u00bb.<br>\u00abS\u00ed, lo paga\u00bb, respondi\u00f3. Cuando Pedro lleg\u00f3 a la casa, Jes\u00fas se adelant\u00f3 a preguntarle: \u00ab\u00bfQu\u00e9 te parece, Sim\u00f3n? \u00bfDe qui\u00e9nes perciben los impuestos y las tasas los reyes de la tierra, de sus hijos o de los extra\u00f1os?\u00bb.<br>Y como Pedro respondi\u00f3: \u00abDe los extra\u00f1os\u00bb, Jes\u00fas le dijo: \u00abEso quiere decir que los hijos est\u00e1n exentos.<br>Sin embargo, para no escandalizar a esta gente, ve al lago, echa el anzuelo, toma el primer pez que salga y \u00e1brele la boca. Encontrar\u00e1s en ella una moneda de plata: t\u00f3mala, y paga por m\u00ed y por ti\u00bb.<\/p>\n\n\n\n<p class=\"has-text-align-right\"><em>Extra\u00eddo de la Biblia: Libro del Pueblo de Dios. <\/em><\/p>\n","protected":false},"excerpt":{"rendered":"<p>Mientras estaban reunidos en Galilea, Jes\u00fas les dijo: \u00abEl Hijo del hombre va a ser entregado en manos de los hombres:lo matar\u00e1n y al tercer d\u00eda resucitar\u00e1\u00bb. Y ellos quedaron muy apenados.Al llegar a Cafarna\u00fan, los cobradores del impuesto del Templo se acercaron a Pedro y le preguntaron: \u00ab\u00bfEl Maestro de ustedes no paga el [&hellip;]<\/p>\n","protected":false},"author":3,"featured_media":31451,"comment_status":"open","ping_status":"closed","sticky":false,"template":"","format":"standard","meta":{"_et_pb_use_builder":"off","_et_pb_old_content":"<!-- wp:paragraph -->\n<p> Al atardecer de ese mismo d\u00eda, el primero de la semana, estando cerradas las puertas del lugar donde se encontraban los disc\u00edpulos, por temor a los jud\u00edos, lleg\u00f3 Jes\u00fas y poni\u00e9ndose en medio de ellos, les dijo: \"\u00a1La paz est\u00e9 con ustedes!\".<br>Mientras dec\u00eda esto, les mostr\u00f3 sus manos y su costado. Los disc\u00edpulos se llenaron de alegr\u00eda cuando vieron al Se\u00f1or.<br>Jes\u00fas les dijo de nuevo: \"\u00a1La paz est\u00e9 con ustedes! Como el Padre me envi\u00f3 a m\u00ed, yo tambi\u00e9n los env\u00edo a ustedes\".<br>Al decirles esto, sopl\u00f3 sobre ellos y a\u00f1adi\u00f3: \"Reciban el Esp\u00edritu Santo.<br>Los pecados ser\u00e1n perdonados a los que ustedes se los perdonen, y ser\u00e1n retenidos a los que ustedes se los retengan\". <\/p>\n<!-- \/wp:paragraph -->\n\n<!-- wp:paragraph {\"align\":\"right\"} -->\n<p class=\"has-text-align-right\"><em>Extra\u00eddo de la Biblia: Libro del Pueblo de Dios. <\/em><\/p>\n<!-- \/wp:paragraph -->","_et_gb_content_width":""},"categories":[6],"tags":[],"aioseo_notices":[],"_links":{"self":[{"href":"https:\/\/www.obispado-mdp.org.ar\/a\/wp-json\/wp\/v2\/posts\/40619"}],"collection":[{"href":"https:\/\/www.obispado-mdp.org.ar\/a\/wp-json\/wp\/v2\/posts"}],"about":[{"href":"https:\/\/www.obispado-mdp.org.ar\/a\/wp-json\/wp\/v2\/types\/post"}],"author":[{"embeddable":true,"href":"https:\/\/www.obispado-mdp.org.ar\/a\/wp-json\/wp\/v2\/users\/3"}],"replies":[{"embeddable":true,"href":"https:\/\/www.obispado-mdp.org.ar\/a\/wp-json\/wp\/v2\/comments?post=40619"}],"version-history":[{"count":1,"href":"https:\/\/www.obispado-mdp.org.ar\/a\/wp-json\/wp\/v2\/posts\/40619\/revisions"}],"predecessor-version":[{"id":40620,"href":"https:\/\/www.obispado-mdp.org.ar\/a\/wp-json\/wp\/v2\/posts\/40619\/revisions\/40620"}],"wp:featuredmedia":[{"embeddable":true,"href":"https:\/\/www.obispado-mdp.org.ar\/a\/wp-json\/wp\/v2\/media\/31451"}],"wp:attachment":[{"href":"https:\/\/www.obispado-mdp.org.ar\/a\/wp-json\/wp\/v2\/media?parent=40619"}],"wp:term":[{"taxonomy":"category","embeddable":true,"href":"https:\/\/www.obispado-mdp.org.ar\/a\/wp-json\/wp\/v2\/categories?post=40619"},{"taxonomy":"post_tag","embeddable":true,"href":"https:\/\/www.obispado-mdp.org.ar\/a\/wp-json\/wp\/v2\/tags?post=40619"}],"curies":[{"name":"wp","href":"https:\/\/api.w.org\/{rel}","templated":true}]}}