{"id":40633,"date":"2023-08-20T18:30:00","date_gmt":"2023-08-20T21:30:00","guid":{"rendered":"https:\/\/www.obispado-mdp.org.ar\/a\/?p=40633"},"modified":"2023-06-18T09:05:30","modified_gmt":"2023-06-18T12:05:30","slug":"evangelio-segun-san-mateo-1916-22-2","status":"publish","type":"post","link":"https:\/\/www.obispado-mdp.org.ar\/a\/evangelio-segun-san-mateo-1916-22-2\/","title":{"rendered":"Evangelio seg\u00fan San Mateo\u00a019,16-22."},"content":{"rendered":"\n<p>Luego se le acerc\u00f3 un hombre y le pregunt\u00f3: \u00abMaestro, \u00bfqu\u00e9 obras buenas debo hacer para conseguir la Vida eterna?\u00bb.<br>Jes\u00fas le dijo: \u00ab\u00bfC\u00f3mo me preguntas acerca de lo que es bueno? Uno solo es el Bueno. Si quieres entrar en la Vida eterna, cumple los Mandamientos\u00bb.<br>\u00ab\u00bfCu\u00e1les?\u00bb, pregunt\u00f3 el hombre. Jes\u00fas le respondi\u00f3: \u00abNo matar\u00e1s, no cometer\u00e1s adulterio, no robar\u00e1s, no dar\u00e1s falso testimonio,<br>honrar\u00e1s a tu padre y a tu madre, y amar\u00e1s a tu pr\u00f3jimo como a ti mismo\u00bb.<br>El joven dijo: \u00abTodo esto lo he cumplido: \u00bfqu\u00e9 me queda por hacer?\u00bb.<br>\u00abSi quieres ser perfecto, le dijo Jes\u00fas, ve, vende todo lo que tienes y dalo a los pobres: as\u00ed tendr\u00e1s un tesoro en el cielo. Despu\u00e9s, ven y s\u00edgueme\u00bb.<br>Al o\u00edr estas palabras, el joven se retir\u00f3 entristecido, porque pose\u00eda muchos bienes.<\/p>\n\n\n\n<p class=\"has-text-align-right\"><em>Extra\u00eddo de la Biblia: Libro del Pueblo de Dios. <\/em><\/p>\n","protected":false},"excerpt":{"rendered":"<p>Luego se le acerc\u00f3 un hombre y le pregunt\u00f3: \u00abMaestro, \u00bfqu\u00e9 obras buenas debo hacer para conseguir la Vida eterna?\u00bb.Jes\u00fas le dijo: \u00ab\u00bfC\u00f3mo me preguntas acerca de lo que es bueno? Uno solo es el Bueno. Si quieres entrar en la Vida eterna, cumple los Mandamientos\u00bb.\u00ab\u00bfCu\u00e1les?\u00bb, pregunt\u00f3 el hombre. Jes\u00fas le respondi\u00f3: \u00abNo matar\u00e1s, no [&hellip;]<\/p>\n","protected":false},"author":3,"featured_media":31451,"comment_status":"open","ping_status":"closed","sticky":false,"template":"","format":"standard","meta":{"_et_pb_use_builder":"off","_et_pb_old_content":"<!-- wp:paragraph -->\n<p> Al atardecer de ese mismo d\u00eda, el primero de la semana, estando cerradas las puertas del lugar donde se encontraban los disc\u00edpulos, por temor a los jud\u00edos, lleg\u00f3 Jes\u00fas y poni\u00e9ndose en medio de ellos, les dijo: \"\u00a1La paz est\u00e9 con ustedes!\".<br>Mientras dec\u00eda esto, les mostr\u00f3 sus manos y su costado. Los disc\u00edpulos se llenaron de alegr\u00eda cuando vieron al Se\u00f1or.<br>Jes\u00fas les dijo de nuevo: \"\u00a1La paz est\u00e9 con ustedes! Como el Padre me envi\u00f3 a m\u00ed, yo tambi\u00e9n los env\u00edo a ustedes\".<br>Al decirles esto, sopl\u00f3 sobre ellos y a\u00f1adi\u00f3: \"Reciban el Esp\u00edritu Santo.<br>Los pecados ser\u00e1n perdonados a los que ustedes se los perdonen, y ser\u00e1n retenidos a los que ustedes se los retengan\". <\/p>\n<!-- \/wp:paragraph -->\n\n<!-- wp:paragraph {\"align\":\"right\"} -->\n<p class=\"has-text-align-right\"><em>Extra\u00eddo de la Biblia: Libro del Pueblo de Dios. <\/em><\/p>\n<!-- \/wp:paragraph -->","_et_gb_content_width":""},"categories":[6],"tags":[],"aioseo_notices":[],"_links":{"self":[{"href":"https:\/\/www.obispado-mdp.org.ar\/a\/wp-json\/wp\/v2\/posts\/40633"}],"collection":[{"href":"https:\/\/www.obispado-mdp.org.ar\/a\/wp-json\/wp\/v2\/posts"}],"about":[{"href":"https:\/\/www.obispado-mdp.org.ar\/a\/wp-json\/wp\/v2\/types\/post"}],"author":[{"embeddable":true,"href":"https:\/\/www.obispado-mdp.org.ar\/a\/wp-json\/wp\/v2\/users\/3"}],"replies":[{"embeddable":true,"href":"https:\/\/www.obispado-mdp.org.ar\/a\/wp-json\/wp\/v2\/comments?post=40633"}],"version-history":[{"count":1,"href":"https:\/\/www.obispado-mdp.org.ar\/a\/wp-json\/wp\/v2\/posts\/40633\/revisions"}],"predecessor-version":[{"id":40634,"href":"https:\/\/www.obispado-mdp.org.ar\/a\/wp-json\/wp\/v2\/posts\/40633\/revisions\/40634"}],"wp:featuredmedia":[{"embeddable":true,"href":"https:\/\/www.obispado-mdp.org.ar\/a\/wp-json\/wp\/v2\/media\/31451"}],"wp:attachment":[{"href":"https:\/\/www.obispado-mdp.org.ar\/a\/wp-json\/wp\/v2\/media?parent=40633"}],"wp:term":[{"taxonomy":"category","embeddable":true,"href":"https:\/\/www.obispado-mdp.org.ar\/a\/wp-json\/wp\/v2\/categories?post=40633"},{"taxonomy":"post_tag","embeddable":true,"href":"https:\/\/www.obispado-mdp.org.ar\/a\/wp-json\/wp\/v2\/tags?post=40633"}],"curies":[{"name":"wp","href":"https:\/\/api.w.org\/{rel}","templated":true}]}}