{"id":40635,"date":"2023-08-21T18:30:00","date_gmt":"2023-08-21T21:30:00","guid":{"rendered":"https:\/\/www.obispado-mdp.org.ar\/a\/?p=40635"},"modified":"2023-06-18T09:06:21","modified_gmt":"2023-06-18T12:06:21","slug":"evangelio-segun-san-mateo-1923-30-3","status":"publish","type":"post","link":"https:\/\/www.obispado-mdp.org.ar\/a\/evangelio-segun-san-mateo-1923-30-3\/","title":{"rendered":"Evangelio seg\u00fan San Mateo\u00a019,23-30."},"content":{"rendered":"\n<p>Jes\u00fas dijo entonces a sus disc\u00edpulos: \u00abLes aseguro que dif\u00edcilmente un rico entrar\u00e1 en el Reino de los Cielos.<br>S\u00ed, les repito, es m\u00e1s f\u00e1cil que un camello pase por el ojo de una aguja, que un rico entre en el Reino de los Cielos\u00bb.<br>Los disc\u00edpulos quedaron muy sorprendidos al o\u00edr esto y dijeron: \u00abEntonces, \u00bfqui\u00e9n podr\u00e1 salvarse?\u00bb.<br>Jes\u00fas, fijando en ellos su mirada, les dijo: \u00abPara los hombres esto es imposible, pero para Dios todo es posible\u00bb.<br>Pedro, tomando la palabra, dijo: \u00abT\u00fa sabes que nosotros lo hemos dejado todo y te hemos seguido. \u00bfQu\u00e9 nos tocar\u00e1 a nosotros?\u00bb.<br>Jes\u00fas les respondi\u00f3: \u00abLes aseguro que en la regeneraci\u00f3n del mundo, cuando el Hijo del hombre se siente en su trono de gloria, ustedes, que me han seguido, tambi\u00e9n se sentar\u00e1n en doce tronos, para juzgar a las doce tribus de Israel.<br>Y el que a causa de mi Nombre deje casa, hermanos o hermanas, padre, madre, hijos o campos, recibir\u00e1 cien veces m\u00e1s y obtendr\u00e1 como herencia la Vida eterna.<br>Muchos de los primeros ser\u00e1n los \u00faltimos, y muchos de los \u00faltimos ser\u00e1n los primeros.<\/p>\n\n\n\n<p class=\"has-text-align-right\"><em>Extra\u00eddo de la Biblia: Libro del Pueblo de Dios. <\/em><\/p>\n","protected":false},"excerpt":{"rendered":"<p>Jes\u00fas dijo entonces a sus disc\u00edpulos: \u00abLes aseguro que dif\u00edcilmente un rico entrar\u00e1 en el Reino de los Cielos.S\u00ed, les repito, es m\u00e1s f\u00e1cil que un camello pase por el ojo de una aguja, que un rico entre en el Reino de los Cielos\u00bb.Los disc\u00edpulos quedaron muy sorprendidos al o\u00edr esto y dijeron: \u00abEntonces, \u00bfqui\u00e9n [&hellip;]<\/p>\n","protected":false},"author":3,"featured_media":31452,"comment_status":"open","ping_status":"closed","sticky":false,"template":"","format":"standard","meta":{"_et_pb_use_builder":"off","_et_pb_old_content":"<!-- wp:paragraph -->\n<p> Al atardecer de ese mismo d\u00eda, el primero de la semana, estando cerradas las puertas del lugar donde se encontraban los disc\u00edpulos, por temor a los jud\u00edos, lleg\u00f3 Jes\u00fas y poni\u00e9ndose en medio de ellos, les dijo: \"\u00a1La paz est\u00e9 con ustedes!\".<br>Mientras dec\u00eda esto, les mostr\u00f3 sus manos y su costado. Los disc\u00edpulos se llenaron de alegr\u00eda cuando vieron al Se\u00f1or.<br>Jes\u00fas les dijo de nuevo: \"\u00a1La paz est\u00e9 con ustedes! Como el Padre me envi\u00f3 a m\u00ed, yo tambi\u00e9n los env\u00edo a ustedes\".<br>Al decirles esto, sopl\u00f3 sobre ellos y a\u00f1adi\u00f3: \"Reciban el Esp\u00edritu Santo.<br>Los pecados ser\u00e1n perdonados a los que ustedes se los perdonen, y ser\u00e1n retenidos a los que ustedes se los retengan\". <\/p>\n<!-- \/wp:paragraph -->\n\n<!-- wp:paragraph {\"align\":\"right\"} -->\n<p class=\"has-text-align-right\"><em>Extra\u00eddo de la Biblia: Libro del Pueblo de Dios. <\/em><\/p>\n<!-- \/wp:paragraph -->","_et_gb_content_width":""},"categories":[6],"tags":[],"aioseo_notices":[],"_links":{"self":[{"href":"https:\/\/www.obispado-mdp.org.ar\/a\/wp-json\/wp\/v2\/posts\/40635"}],"collection":[{"href":"https:\/\/www.obispado-mdp.org.ar\/a\/wp-json\/wp\/v2\/posts"}],"about":[{"href":"https:\/\/www.obispado-mdp.org.ar\/a\/wp-json\/wp\/v2\/types\/post"}],"author":[{"embeddable":true,"href":"https:\/\/www.obispado-mdp.org.ar\/a\/wp-json\/wp\/v2\/users\/3"}],"replies":[{"embeddable":true,"href":"https:\/\/www.obispado-mdp.org.ar\/a\/wp-json\/wp\/v2\/comments?post=40635"}],"version-history":[{"count":1,"href":"https:\/\/www.obispado-mdp.org.ar\/a\/wp-json\/wp\/v2\/posts\/40635\/revisions"}],"predecessor-version":[{"id":40636,"href":"https:\/\/www.obispado-mdp.org.ar\/a\/wp-json\/wp\/v2\/posts\/40635\/revisions\/40636"}],"wp:featuredmedia":[{"embeddable":true,"href":"https:\/\/www.obispado-mdp.org.ar\/a\/wp-json\/wp\/v2\/media\/31452"}],"wp:attachment":[{"href":"https:\/\/www.obispado-mdp.org.ar\/a\/wp-json\/wp\/v2\/media?parent=40635"}],"wp:term":[{"taxonomy":"category","embeddable":true,"href":"https:\/\/www.obispado-mdp.org.ar\/a\/wp-json\/wp\/v2\/categories?post=40635"},{"taxonomy":"post_tag","embeddable":true,"href":"https:\/\/www.obispado-mdp.org.ar\/a\/wp-json\/wp\/v2\/tags?post=40635"}],"curies":[{"name":"wp","href":"https:\/\/api.w.org\/{rel}","templated":true}]}}