{"id":40641,"date":"2023-08-24T18:30:00","date_gmt":"2023-08-24T21:30:00","guid":{"rendered":"https:\/\/www.obispado-mdp.org.ar\/a\/?p=40641"},"modified":"2023-06-18T09:09:06","modified_gmt":"2023-06-18T12:09:06","slug":"evangelio-segun-san-mateo-2234-40-3","status":"publish","type":"post","link":"https:\/\/www.obispado-mdp.org.ar\/a\/evangelio-segun-san-mateo-2234-40-3\/","title":{"rendered":"Evangelio seg\u00fan San Mateo\u00a022,34-40."},"content":{"rendered":"\n<p>Cuando los fariseos se enteraron de que Jes\u00fas hab\u00eda hecho callar a los saduceos, se reunieron con \u00c9l,<br>y uno de ellos, que era doctor de la Ley, le pregunt\u00f3 para ponerlo a prueba:<br>\u00abMaestro, \u00bfcu\u00e1l es el mandamiento m\u00e1s grande de la Ley?\u00bb.<br>Jes\u00fas le respondi\u00f3: \u00abAmar\u00e1s al Se\u00f1or, tu Dios, con todo tu coraz\u00f3n, con toda tu alma y con todo tu esp\u00edritu.<br>Este es el m\u00e1s grande y el primer mandamiento.<br>El segundo es semejante al primero: Amar\u00e1s a tu pr\u00f3jimo como a ti mismo.<br>De estos dos mandamientos dependen toda la Ley y los Profetas\u00bb.<\/p>\n\n\n\n<p class=\"has-text-align-right\"><em>Extra\u00eddo de la Biblia: Libro del Pueblo de Dios. <\/em><\/p>\n","protected":false},"excerpt":{"rendered":"<p>Cuando los fariseos se enteraron de que Jes\u00fas hab\u00eda hecho callar a los saduceos, se reunieron con \u00c9l,y uno de ellos, que era doctor de la Ley, le pregunt\u00f3 para ponerlo a prueba:\u00abMaestro, \u00bfcu\u00e1l es el mandamiento m\u00e1s grande de la Ley?\u00bb.Jes\u00fas le respondi\u00f3: \u00abAmar\u00e1s al Se\u00f1or, tu Dios, con todo tu coraz\u00f3n, con toda [&hellip;]<\/p>\n","protected":false},"author":3,"featured_media":31455,"comment_status":"open","ping_status":"closed","sticky":false,"template":"","format":"standard","meta":{"_et_pb_use_builder":"off","_et_pb_old_content":"<!-- wp:paragraph -->\n<p> Al atardecer de ese mismo d\u00eda, el primero de la semana, estando cerradas las puertas del lugar donde se encontraban los disc\u00edpulos, por temor a los jud\u00edos, lleg\u00f3 Jes\u00fas y poni\u00e9ndose en medio de ellos, les dijo: \"\u00a1La paz est\u00e9 con ustedes!\".<br>Mientras dec\u00eda esto, les mostr\u00f3 sus manos y su costado. Los disc\u00edpulos se llenaron de alegr\u00eda cuando vieron al Se\u00f1or.<br>Jes\u00fas les dijo de nuevo: \"\u00a1La paz est\u00e9 con ustedes! Como el Padre me envi\u00f3 a m\u00ed, yo tambi\u00e9n los env\u00edo a ustedes\".<br>Al decirles esto, sopl\u00f3 sobre ellos y a\u00f1adi\u00f3: \"Reciban el Esp\u00edritu Santo.<br>Los pecados ser\u00e1n perdonados a los que ustedes se los perdonen, y ser\u00e1n retenidos a los que ustedes se los retengan\". <\/p>\n<!-- \/wp:paragraph -->\n\n<!-- wp:paragraph {\"align\":\"right\"} -->\n<p class=\"has-text-align-right\"><em>Extra\u00eddo de la Biblia: Libro del Pueblo de Dios. <\/em><\/p>\n<!-- \/wp:paragraph -->","_et_gb_content_width":""},"categories":[6],"tags":[],"aioseo_notices":[],"_links":{"self":[{"href":"https:\/\/www.obispado-mdp.org.ar\/a\/wp-json\/wp\/v2\/posts\/40641"}],"collection":[{"href":"https:\/\/www.obispado-mdp.org.ar\/a\/wp-json\/wp\/v2\/posts"}],"about":[{"href":"https:\/\/www.obispado-mdp.org.ar\/a\/wp-json\/wp\/v2\/types\/post"}],"author":[{"embeddable":true,"href":"https:\/\/www.obispado-mdp.org.ar\/a\/wp-json\/wp\/v2\/users\/3"}],"replies":[{"embeddable":true,"href":"https:\/\/www.obispado-mdp.org.ar\/a\/wp-json\/wp\/v2\/comments?post=40641"}],"version-history":[{"count":1,"href":"https:\/\/www.obispado-mdp.org.ar\/a\/wp-json\/wp\/v2\/posts\/40641\/revisions"}],"predecessor-version":[{"id":40642,"href":"https:\/\/www.obispado-mdp.org.ar\/a\/wp-json\/wp\/v2\/posts\/40641\/revisions\/40642"}],"wp:featuredmedia":[{"embeddable":true,"href":"https:\/\/www.obispado-mdp.org.ar\/a\/wp-json\/wp\/v2\/media\/31455"}],"wp:attachment":[{"href":"https:\/\/www.obispado-mdp.org.ar\/a\/wp-json\/wp\/v2\/media?parent=40641"}],"wp:term":[{"taxonomy":"category","embeddable":true,"href":"https:\/\/www.obispado-mdp.org.ar\/a\/wp-json\/wp\/v2\/categories?post=40641"},{"taxonomy":"post_tag","embeddable":true,"href":"https:\/\/www.obispado-mdp.org.ar\/a\/wp-json\/wp\/v2\/tags?post=40641"}],"curies":[{"name":"wp","href":"https:\/\/api.w.org\/{rel}","templated":true}]}}