{"id":40647,"date":"2023-08-27T18:30:00","date_gmt":"2023-08-27T21:30:00","guid":{"rendered":"https:\/\/www.obispado-mdp.org.ar\/a\/?p=40647"},"modified":"2023-06-18T09:11:36","modified_gmt":"2023-06-18T12:11:36","slug":"evangelio-segun-san-mateo-2313-22-3","status":"publish","type":"post","link":"https:\/\/www.obispado-mdp.org.ar\/a\/evangelio-segun-san-mateo-2313-22-3\/","title":{"rendered":"Evangelio seg\u00fan San Mateo\u00a023,13-22."},"content":{"rendered":"\n<p>\u00ab\u00a1Ay de ustedes, escribas y fariseos hip\u00f3critas, que cierran a los hombres el Reino de los Cielos! Ni entran ustedes, ni dejan entrar a los que quisieran.<br><br>\u00a1Ay de ustedes, escribas y fariseos hip\u00f3critas, que recorren mar y tierra para conseguir un pros\u00e9lito, y cuando lo han conseguido lo hacen dos veces m\u00e1s digno de la Gehena que ustedes!<br>\u00a1Ay de ustedes, gu\u00edas, ciegos, que dicen: &#8216;Si se jura por el santuario, el juramento no vale; pero si se jura por el oro del santuario, entonces s\u00ed que vale&#8217;!<br>\u00a1Insensatos y ciegos! \u00bfQu\u00e9 es m\u00e1s importante: el oro o el santuario que hace sagrado el oro?<br>Ustedes dicen tambi\u00e9n: &#8216;Si se jura por el altar, el juramento no vale, pero vale si se jura por la ofrenda que est\u00e1 sobre el altar&#8217;.<br>\u00a1Ciegos! \u00bfQu\u00e9 es m\u00e1s importante, la ofrenda o el altar que hace sagrada esa ofrenda?<br>Ahora bien, jurar por el altar, es jurar por \u00e9l y por todo lo que est\u00e1 sobre \u00e9l.<br>Jurar por el santuario, es jurar por \u00e9l y por aquel que lo habita.<br>Jurar por el cielo, es jurar por el trono de Dios y por aquel que est\u00e1 sentado en \u00e9l.<\/p>\n\n\n\n<p class=\"has-text-align-right\"><em>Extra\u00eddo de la Biblia: Libro del Pueblo de Dios. <\/em><\/p>\n","protected":false},"excerpt":{"rendered":"<p>\u00ab\u00a1Ay de ustedes, escribas y fariseos hip\u00f3critas, que cierran a los hombres el Reino de los Cielos! Ni entran ustedes, ni dejan entrar a los que quisieran. \u00a1Ay de ustedes, escribas y fariseos hip\u00f3critas, que recorren mar y tierra para conseguir un pros\u00e9lito, y cuando lo han conseguido lo hacen dos veces m\u00e1s digno de [&hellip;]<\/p>\n","protected":false},"author":3,"featured_media":31451,"comment_status":"open","ping_status":"closed","sticky":false,"template":"","format":"standard","meta":{"_et_pb_use_builder":"off","_et_pb_old_content":"<!-- wp:paragraph -->\n<p> Al atardecer de ese mismo d\u00eda, el primero de la semana, estando cerradas las puertas del lugar donde se encontraban los disc\u00edpulos, por temor a los jud\u00edos, lleg\u00f3 Jes\u00fas y poni\u00e9ndose en medio de ellos, les dijo: \"\u00a1La paz est\u00e9 con ustedes!\".<br>Mientras dec\u00eda esto, les mostr\u00f3 sus manos y su costado. Los disc\u00edpulos se llenaron de alegr\u00eda cuando vieron al Se\u00f1or.<br>Jes\u00fas les dijo de nuevo: \"\u00a1La paz est\u00e9 con ustedes! Como el Padre me envi\u00f3 a m\u00ed, yo tambi\u00e9n los env\u00edo a ustedes\".<br>Al decirles esto, sopl\u00f3 sobre ellos y a\u00f1adi\u00f3: \"Reciban el Esp\u00edritu Santo.<br>Los pecados ser\u00e1n perdonados a los que ustedes se los perdonen, y ser\u00e1n retenidos a los que ustedes se los retengan\". <\/p>\n<!-- \/wp:paragraph -->\n\n<!-- wp:paragraph {\"align\":\"right\"} -->\n<p class=\"has-text-align-right\"><em>Extra\u00eddo de la Biblia: Libro del Pueblo de Dios. <\/em><\/p>\n<!-- \/wp:paragraph -->","_et_gb_content_width":""},"categories":[6],"tags":[],"aioseo_notices":[],"_links":{"self":[{"href":"https:\/\/www.obispado-mdp.org.ar\/a\/wp-json\/wp\/v2\/posts\/40647"}],"collection":[{"href":"https:\/\/www.obispado-mdp.org.ar\/a\/wp-json\/wp\/v2\/posts"}],"about":[{"href":"https:\/\/www.obispado-mdp.org.ar\/a\/wp-json\/wp\/v2\/types\/post"}],"author":[{"embeddable":true,"href":"https:\/\/www.obispado-mdp.org.ar\/a\/wp-json\/wp\/v2\/users\/3"}],"replies":[{"embeddable":true,"href":"https:\/\/www.obispado-mdp.org.ar\/a\/wp-json\/wp\/v2\/comments?post=40647"}],"version-history":[{"count":1,"href":"https:\/\/www.obispado-mdp.org.ar\/a\/wp-json\/wp\/v2\/posts\/40647\/revisions"}],"predecessor-version":[{"id":40648,"href":"https:\/\/www.obispado-mdp.org.ar\/a\/wp-json\/wp\/v2\/posts\/40647\/revisions\/40648"}],"wp:featuredmedia":[{"embeddable":true,"href":"https:\/\/www.obispado-mdp.org.ar\/a\/wp-json\/wp\/v2\/media\/31451"}],"wp:attachment":[{"href":"https:\/\/www.obispado-mdp.org.ar\/a\/wp-json\/wp\/v2\/media?parent=40647"}],"wp:term":[{"taxonomy":"category","embeddable":true,"href":"https:\/\/www.obispado-mdp.org.ar\/a\/wp-json\/wp\/v2\/categories?post=40647"},{"taxonomy":"post_tag","embeddable":true,"href":"https:\/\/www.obispado-mdp.org.ar\/a\/wp-json\/wp\/v2\/tags?post=40647"}],"curies":[{"name":"wp","href":"https:\/\/api.w.org\/{rel}","templated":true}]}}