{"id":40653,"date":"2023-08-30T18:30:00","date_gmt":"2023-08-30T21:30:00","guid":{"rendered":"https:\/\/www.obispado-mdp.org.ar\/a\/?p=40653"},"modified":"2023-06-18T09:14:03","modified_gmt":"2023-06-18T12:14:03","slug":"evangelio-segun-san-mateo-2442-51-3","status":"publish","type":"post","link":"https:\/\/www.obispado-mdp.org.ar\/a\/evangelio-segun-san-mateo-2442-51-3\/","title":{"rendered":"Evangelio seg\u00fan San Mateo\u00a024,42-51."},"content":{"rendered":"\n<p>Est\u00e9n prevenidos, porque ustedes no saben qu\u00e9 d\u00eda vendr\u00e1 su Se\u00f1or.<br>Enti\u00e9ndanlo bien: si el due\u00f1o de casa supiera a qu\u00e9 hora de la noche va a llegar el ladr\u00f3n, velar\u00eda y no dejar\u00eda perforar las paredes de su casa.<br>Ustedes tambi\u00e9n est\u00e9n preparados, porque el Hijo del hombre vendr\u00e1 a la hora menos pensada.<br>\u00bfCu\u00e1l es, entonces, el servidor fiel y previsor, a quien el Se\u00f1or ha puesto al frente de su personal, para distribuir el alimento en el momento oportuno?<br>Feliz aquel servidor a quien su se\u00f1or, al llegar, encuentre ocupado en este trabajo.<br>Les aseguro que lo har\u00e1 administrador de todos sus bienes.<br>Pero si es un mal servidor, que piensa: &#8216;Mi se\u00f1or tardar\u00e1&#8217;,<br>y se dedica a golpear a sus compa\u00f1eros, a comer y a beber con los borrachos,<br>su se\u00f1or llegar\u00e1 el d\u00eda y la hora menos pensada,<br>y lo castigar\u00e1. Entonces \u00e9l correr\u00e1 la misma suerte que los hip\u00f3critas. All\u00ed habr\u00e1 llanto y rechinar de dientes.<\/p>\n\n\n\n<p class=\"has-text-align-right\"><em>Extra\u00eddo de la Biblia: Libro del Pueblo de Dios. <\/em><\/p>\n","protected":false},"excerpt":{"rendered":"<p>Est\u00e9n prevenidos, porque ustedes no saben qu\u00e9 d\u00eda vendr\u00e1 su Se\u00f1or.Enti\u00e9ndanlo bien: si el due\u00f1o de casa supiera a qu\u00e9 hora de la noche va a llegar el ladr\u00f3n, velar\u00eda y no dejar\u00eda perforar las paredes de su casa.Ustedes tambi\u00e9n est\u00e9n preparados, porque el Hijo del hombre vendr\u00e1 a la hora menos pensada.\u00bfCu\u00e1l es, entonces, [&hellip;]<\/p>\n","protected":false},"author":3,"featured_media":31450,"comment_status":"open","ping_status":"closed","sticky":false,"template":"","format":"standard","meta":{"_et_pb_use_builder":"off","_et_pb_old_content":"<!-- wp:paragraph -->\n<p> Al atardecer de ese mismo d\u00eda, el primero de la semana, estando cerradas las puertas del lugar donde se encontraban los disc\u00edpulos, por temor a los jud\u00edos, lleg\u00f3 Jes\u00fas y poni\u00e9ndose en medio de ellos, les dijo: \"\u00a1La paz est\u00e9 con ustedes!\".<br>Mientras dec\u00eda esto, les mostr\u00f3 sus manos y su costado. Los disc\u00edpulos se llenaron de alegr\u00eda cuando vieron al Se\u00f1or.<br>Jes\u00fas les dijo de nuevo: \"\u00a1La paz est\u00e9 con ustedes! Como el Padre me envi\u00f3 a m\u00ed, yo tambi\u00e9n los env\u00edo a ustedes\".<br>Al decirles esto, sopl\u00f3 sobre ellos y a\u00f1adi\u00f3: \"Reciban el Esp\u00edritu Santo.<br>Los pecados ser\u00e1n perdonados a los que ustedes se los perdonen, y ser\u00e1n retenidos a los que ustedes se los retengan\". <\/p>\n<!-- \/wp:paragraph -->\n\n<!-- wp:paragraph {\"align\":\"right\"} -->\n<p class=\"has-text-align-right\"><em>Extra\u00eddo de la Biblia: Libro del Pueblo de Dios. <\/em><\/p>\n<!-- \/wp:paragraph -->","_et_gb_content_width":""},"categories":[6],"tags":[],"aioseo_notices":[],"_links":{"self":[{"href":"https:\/\/www.obispado-mdp.org.ar\/a\/wp-json\/wp\/v2\/posts\/40653"}],"collection":[{"href":"https:\/\/www.obispado-mdp.org.ar\/a\/wp-json\/wp\/v2\/posts"}],"about":[{"href":"https:\/\/www.obispado-mdp.org.ar\/a\/wp-json\/wp\/v2\/types\/post"}],"author":[{"embeddable":true,"href":"https:\/\/www.obispado-mdp.org.ar\/a\/wp-json\/wp\/v2\/users\/3"}],"replies":[{"embeddable":true,"href":"https:\/\/www.obispado-mdp.org.ar\/a\/wp-json\/wp\/v2\/comments?post=40653"}],"version-history":[{"count":1,"href":"https:\/\/www.obispado-mdp.org.ar\/a\/wp-json\/wp\/v2\/posts\/40653\/revisions"}],"predecessor-version":[{"id":40654,"href":"https:\/\/www.obispado-mdp.org.ar\/a\/wp-json\/wp\/v2\/posts\/40653\/revisions\/40654"}],"wp:featuredmedia":[{"embeddable":true,"href":"https:\/\/www.obispado-mdp.org.ar\/a\/wp-json\/wp\/v2\/media\/31450"}],"wp:attachment":[{"href":"https:\/\/www.obispado-mdp.org.ar\/a\/wp-json\/wp\/v2\/media?parent=40653"}],"wp:term":[{"taxonomy":"category","embeddable":true,"href":"https:\/\/www.obispado-mdp.org.ar\/a\/wp-json\/wp\/v2\/categories?post=40653"},{"taxonomy":"post_tag","embeddable":true,"href":"https:\/\/www.obispado-mdp.org.ar\/a\/wp-json\/wp\/v2\/tags?post=40653"}],"curies":[{"name":"wp","href":"https:\/\/api.w.org\/{rel}","templated":true}]}}