{"id":40659,"date":"2023-06-20T08:33:24","date_gmt":"2023-06-20T11:33:24","guid":{"rendered":"https:\/\/www.obispado-mdp.org.ar\/a\/?p=40659"},"modified":"2023-06-20T08:35:13","modified_gmt":"2023-06-20T11:35:13","slug":"actividades-del-obispo-gabriel-mestre-en-el-salvador","status":"publish","type":"post","link":"https:\/\/www.obispado-mdp.org.ar\/a\/actividades-del-obispo-gabriel-mestre-en-el-salvador\/","title":{"rendered":"ACTIVIDADES DEL OBISPO GABRIEL MESTRE EN EL SALVADOR."},"content":{"rendered":"\n<p class=\"has-pale-cyan-blue-background-color has-background\"><strong>El padre obispo Gabriel ora por la Di\u00f3cesis en el lugar del martirio de San Oscar Romero. Encuentro con el cardenal Gregorio Rosa Ch\u00e1vez.<\/strong><\/p>\n\n\n\n<p>Luego del Encuentro de Catequesis en Panam\u00e1, monse\u00f1or Mestre junto al padre <strong>Cristian Basterrechea,<\/strong> viajaron a El Salvador para participar de los votos perpetuos de dos hermanas de las Siervas de la Misericordia de Dios que est\u00e1n presente en nuestra Di\u00f3cesis de Mar del Plata en la parroquia Inmaculada Concepci\u00f3n de General Pir\u00e1n.<\/p>\n\n\n\n<p>En la visita en San Salvador nuestro obispo presidi\u00f3 la Eucarist\u00eda y predic\u00f3 en el lugar donde fue martirizado monse\u00f1or Romero en 1980. Desde all\u00ed nos comparte un video y algunas fotos.<\/p>\n\n\n\n<p>Tambi\u00e9n pudo estar en la casa del obispo asesinado donde se puede ver el veh\u00edculo que utilizaba en sus innumerables recorridas, la camisa sacerdotal que tiene en el bolsillo la entrada de bala que le perfor\u00f3 el coraz\u00f3n y el alba ensangrentada.<\/p>\n\n\n\n<p>En otro momento de las recorridas estuvieron tambi\u00e9n en la Cripta de la Catedral donde est\u00e1 la tumba de monse\u00f1or Romero. Se trata de un memorial realizado en bronce oscuro donde se ven a los cuatro evangelistas elevando el cuerpo martiral de San Oscar.<\/p>\n\n\n\n<p>El obispo reza especialmente por la Di\u00f3cesis para que, con la intercesi\u00f3n de San Oscar Romero, seamos fieles a Jes\u00fas en la alegr\u00eda del Evangelio con un profundo compromiso y con generosidad de coraz\u00f3n. Tomando del modelo del m\u00e1rtir su entrega a los m\u00e1s pobres y despose\u00eddos, y su fuerte esp\u00edritu de b\u00fasqueda de paz y reconciliaci\u00f3n en medio de las situaciones dif\u00edciles y complejas que tuvo que afrontar ante una dictadura que oprim\u00eda y asesinaba al Pueblo Salvadore\u00f1o.<\/p>\n\n\n\n<p><strong>Las hermanas de la Misericordia de Dios, especialmente la Madre Reina y el cardenal Gregorio Rosa Ch\u00e1vez <\/strong>fueron exquisitos anfitriones del padre obispo Gabriel y del padre Cristian. Fue una verdadera experiencia de comuni\u00f3n eclesial con fuerte esp\u00edritu de vivencia de la fe en clave latinoamericana.\u00a0<\/p>\n\n\n\n<figure class=\"wp-container-2 wp-block-gallery-1 wp-block-gallery has-nested-images columns-default is-cropped\">\n<figure class=\"wp-block-image size-large\"><img loading=\"lazy\" width=\"768\" height=\"1024\" data-id=\"40667\"  src=\"https:\/\/www.obispado-mdp.org.ar\/a\/wp-content\/uploads\/2023\/06\/0e66b971-5620-4937-ac1c-6f1f7dc2253c-768x1024.jpg\" alt=\"\" class=\"wp-image-40667\"\/><\/figure>\n\n\n\n<figure class=\"wp-block-image size-large\"><img loading=\"lazy\" width=\"768\" height=\"1024\" data-id=\"40665\"  src=\"https:\/\/www.obispado-mdp.org.ar\/a\/wp-content\/uploads\/2023\/06\/2a71dd49-6365-4e9e-ac9a-4bb90e05b943-768x1024.jpg\" alt=\"\" class=\"wp-image-40665\"\/><\/figure>\n\n\n\n<figure class=\"wp-block-image size-large\"><img loading=\"lazy\" width=\"768\" height=\"1024\" data-id=\"40663\"  src=\"https:\/\/www.obispado-mdp.org.ar\/a\/wp-content\/uploads\/2023\/06\/4f255561-9262-452d-b424-29b43e3b8e72-768x1024.jpg\" alt=\"\" class=\"wp-image-40663\"\/><\/figure>\n\n\n\n<figure class=\"wp-block-image size-large\"><img loading=\"lazy\" width=\"768\" height=\"1024\" data-id=\"40664\"  src=\"https:\/\/www.obispado-mdp.org.ar\/a\/wp-content\/uploads\/2023\/06\/7c922184-0d8a-4d42-9e1b-cd0de6b64449-768x1024.jpg\" alt=\"\" class=\"wp-image-40664\"\/><\/figure>\n\n\n\n<figure class=\"wp-block-image size-large\"><img loading=\"lazy\" width=\"768\" height=\"1024\" data-id=\"40660\"  src=\"https:\/\/www.obispado-mdp.org.ar\/a\/wp-content\/uploads\/2023\/06\/57aa1a49-5a1d-48f3-adac-070a2720907f-768x1024.jpg\" alt=\"\" class=\"wp-image-40660\"\/><\/figure>\n\n\n\n<figure class=\"wp-block-image size-large\"><img loading=\"lazy\" width=\"768\" height=\"1024\" data-id=\"40666\"  src=\"https:\/\/www.obispado-mdp.org.ar\/a\/wp-content\/uploads\/2023\/06\/5941be97-3216-4832-b4f3-9015cf1c8d9f-768x1024.jpg\" alt=\"\" class=\"wp-image-40666\"\/><\/figure>\n\n\n\n<figure class=\"wp-block-image size-large\"><img loading=\"lazy\" width=\"1024\" height=\"768\" data-id=\"40668\"  src=\"https:\/\/www.obispado-mdp.org.ar\/a\/wp-content\/uploads\/2023\/06\/36909683-f9aa-4fdf-9c54-df0a96843603-1024x768.jpg\" alt=\"\" class=\"wp-image-40668\"\/><\/figure>\n\n\n\n<figure class=\"wp-block-image size-large\"><img loading=\"lazy\" width=\"768\" height=\"1024\" data-id=\"40662\"  src=\"https:\/\/www.obispado-mdp.org.ar\/a\/wp-content\/uploads\/2023\/06\/b5e3bccf-103c-4b81-8efb-7bba66745a9a-768x1024.jpg\" alt=\"\" class=\"wp-image-40662\"\/><\/figure>\n\n\n\n<figure class=\"wp-block-image size-large\"><img loading=\"lazy\" width=\"768\" height=\"1024\" data-id=\"40661\"  src=\"https:\/\/www.obispado-mdp.org.ar\/a\/wp-content\/uploads\/2023\/06\/f68f5b46-3d75-469b-83b3-4f5214a6201c-768x1024.jpg\" alt=\"\" class=\"wp-image-40661\"\/><\/figure>\n<\/figure>\n\n\n\n<hr class=\"wp-block-separator has-alpha-channel-opacity\"\/>\n\n\n\n<figure class=\"wp-block-video\"><video controls src=\"https:\/\/www.obispado-mdp.org.ar\/a\/wp-content\/uploads\/2023\/06\/OBISPO-EN-EL-SALVADOR.mp4\"><\/video><figcaption>El padre Obispo Gabriel ora por la diocesis desde la tumba de San Oscar Romero en el Salvador.<\/figcaption><\/figure>\n","protected":false},"excerpt":{"rendered":"<p>El padre obispo Gabriel ora por la Di\u00f3cesis en el lugar del martirio de San Oscar Romero. Encuentro con el cardenal Gregorio Rosa Ch\u00e1vez. Luego del Encuentro de Catequesis en Panam\u00e1, monse\u00f1or Mestre junto al padre Cristian Basterrechea, viajaron a El Salvador para participar de los votos perpetuos de dos hermanas de las Siervas de [&hellip;]<\/p>\n","protected":false},"author":4,"featured_media":40670,"comment_status":"open","ping_status":"open","sticky":false,"template":"","format":"standard","meta":{"_et_pb_use_builder":"","_et_pb_old_content":"","_et_gb_content_width":""},"categories":[4,9,12],"tags":[],"aioseo_notices":[],"_links":{"self":[{"href":"https:\/\/www.obispado-mdp.org.ar\/a\/wp-json\/wp\/v2\/posts\/40659"}],"collection":[{"href":"https:\/\/www.obispado-mdp.org.ar\/a\/wp-json\/wp\/v2\/posts"}],"about":[{"href":"https:\/\/www.obispado-mdp.org.ar\/a\/wp-json\/wp\/v2\/types\/post"}],"author":[{"embeddable":true,"href":"https:\/\/www.obispado-mdp.org.ar\/a\/wp-json\/wp\/v2\/users\/4"}],"replies":[{"embeddable":true,"href":"https:\/\/www.obispado-mdp.org.ar\/a\/wp-json\/wp\/v2\/comments?post=40659"}],"version-history":[{"count":1,"href":"https:\/\/www.obispado-mdp.org.ar\/a\/wp-json\/wp\/v2\/posts\/40659\/revisions"}],"predecessor-version":[{"id":40671,"href":"https:\/\/www.obispado-mdp.org.ar\/a\/wp-json\/wp\/v2\/posts\/40659\/revisions\/40671"}],"wp:featuredmedia":[{"embeddable":true,"href":"https:\/\/www.obispado-mdp.org.ar\/a\/wp-json\/wp\/v2\/media\/40670"}],"wp:attachment":[{"href":"https:\/\/www.obispado-mdp.org.ar\/a\/wp-json\/wp\/v2\/media?parent=40659"}],"wp:term":[{"taxonomy":"category","embeddable":true,"href":"https:\/\/www.obispado-mdp.org.ar\/a\/wp-json\/wp\/v2\/categories?post=40659"},{"taxonomy":"post_tag","embeddable":true,"href":"https:\/\/www.obispado-mdp.org.ar\/a\/wp-json\/wp\/v2\/tags?post=40659"}],"curies":[{"name":"wp","href":"https:\/\/api.w.org\/{rel}","templated":true}]}}