{"id":40678,"date":"2023-06-21T09:10:47","date_gmt":"2023-06-21T12:10:47","guid":{"rendered":"https:\/\/www.obispado-mdp.org.ar\/a\/?p=40678"},"modified":"2023-06-21T09:11:31","modified_gmt":"2023-06-21T12:11:31","slug":"semana-social-2023-40-anos-de-democracia-y-10-anos-de-francisco","status":"publish","type":"post","link":"https:\/\/www.obispado-mdp.org.ar\/a\/semana-social-2023-40-anos-de-democracia-y-10-anos-de-francisco\/","title":{"rendered":"SEMANA SOCIAL 2023: \u201c40 a\u00f1os de Democracia y 10 a\u00f1os de Francisco\u201d"},"content":{"rendered":"\n<p class=\"has-pale-cyan-blue-background-color has-background\"><strong>Bajo el lema \u00abCaminemos en Esperanza\u00bb y organizada la <a href=\"https:\/\/www.facebook.com\/ComisionEpiscopaldePastoralSocial?__cft__[0]=AZW-NqgpNfqP2zfRsfgGaHMk66CVp3vIm3yBzI_GXArgqxtw6IhN_i2RSkip3tim3VNFXQtbYsh4yegCGT316P-isOPTfxHpnAGDeo28cTZh5zlWhGqDsN51L5tRKp7gUqk&amp;__tn__=-]K-R\">Comisi\u00f3n Episcopal de Pastoral Social<\/a> se realizar\u00e1 una nueva edici\u00f3n de la Semana Social 2023 en Mar del Plata, desde el 30 de junio, 1 y 2 de Julio pr\u00f3ximo. El tema de este a\u00f1o es, \u201c40 a\u00f1os de Democracia y 10 a\u00f1os de Francisco\u201d.<\/strong><\/p>\n\n\n\n<p>Como <a><\/a>todos los a\u00f1os participaran referentes de sectores: sociales, pol\u00edticos, sindicales y econ\u00f3micos de nuestro Pa\u00eds.<\/p>\n\n\n\n<p>La Semana Social se desarrollar\u00e1 en el Hotel 13 de Julio, ubicado en Avda.9 de Julio 2777, esq. Mitre de la Ciudad de Mar del Plata. La inscripci\u00f3n es libre y gratuita y se realizar\u00e1 a trav\u00e9s del sitio <a href=\"https:\/\/l.facebook.com\/l.php?u=http%3A%2F%2Fwww.semanasocial.org.ar%2F%3Ffbclid%3DIwAR1arTqrsDIsU1MUjjR8QQmTzQnVBQSRP1wkMagDlSgPw7tJiAhEfA2-Pcg&amp;h=AT0GAxNHoJnKQTUix7OeqZliPfCtZlBGGfEp5jE1V35l3n26Vw8hQb5LITj_-jfAAse-fSARIH_2YnMDQ-NC3RK2Sqac9jFWYIOdNA6QnEb1kSou0fGG9yOxXNpKGdng6gxL&amp;__tn__=-UK-R&amp;c[0]=AT078JBCoH8VyXNitmf5y36cmKfM4nhMJXjIeF4GIGBg2CWfNz6KNrxaRWKFaKfESe__qmH4-1liaXNtgf-0k81lCuKp8bOH-YXuOBheLV_NYzTBuWyCUGZX9NWz_jWR6qNg-SKGaWeE9OP3Qii1EhjqtHrL1A\" target=\"_blank\" rel=\"noreferrer noopener\">www.semanasocial.org.ar<\/a>, o del correo electr\u00f3nico 2023semana Social@gmail.com<\/p>\n\n\n\n<p><strong>La Iglesia no \u00abpuede ni debe quedarse al margen\u00bb en la construcci\u00f3n de un mundo mejor ni dejar de \u00abdespertar las fuerzas espirituales\u00bb que fecunden toda la vida en sociedad<\/strong><\/p>\n\n\n\n<p>\u00abqueremos ser una Iglesia que sirve, que sale de casa, que sale de sus templos, que sale de sus sacrist\u00edas, para acompa\u00f1ar la vida, sostener la esperanza, ser signo de unidad [\u2026] para tender puentes, romper muros, sembrar reconciliaci\u00f3n\u00bb (F.T.276)<\/p>\n\n\n\n<p class=\"has-pale-cyan-blue-background-color has-background\"><strong>PROGRAMA<\/strong><\/p>\n\n\n\n<p><strong>VIERNES 30 de Junio<\/strong><\/p>\n\n\n\n<p>15: 00 hs Acreditaci\u00f3n e Inscripci\u00f3n de los participantes de la Semana Social<\/p>\n\n\n\n<p>16: 00 hs Convocatoria de los participantes<\/p>\n\n\n\n<p>16: 15 hs Video del Papa Francisco<\/p>\n\n\n\n<p>16: 30 hs Acto de Apertura de la Semana Social 2022<\/p>\n\n\n\n<p>17: 30 hs Primer Panel Central: \u00abDemocracia y Ciudadan\u00eda Plena\u201d<\/p>\n\n\n\n<p>19: 30 hs \u201cMemoria, historia y Verdad\u201d<\/p>\n\n\n\n<p>Fin de la Primera Sesi\u00f3n.<\/p>\n\n\n\n<p><strong>S\u00c1BADO 1 de Julio<\/strong><\/p>\n\n\n\n<p>09: 00 hs Convocatoria de los participantes<\/p>\n\n\n\n<p>09: 30 hs Segundo Panel Central: \u201cLas deudas de la democracia: Econom\u00eda y Trabajo\u201d<\/p>\n\n\n\n<p>10: 30 hs Intervalo<\/p>\n\n\n\n<p>11: 00 hs Tercer Panel Central: \u201cLas deudas de la democracia: Justicia y Seguridad\u201d<\/p>\n\n\n\n<p>12: 30 hs Mesas Debates:<\/p>\n\n\n\n<p>Mesa 1: Pobreza y trabajo digno<\/p>\n\n\n\n<p>Mesa 2: Desarrollo Humano Integral Sustentable &#8211; Educaci\u00f3n e Inclusi\u00f3n<\/p>\n\n\n\n<p>Mesa 3: Inseguridad y Narcotr\u00e1fico<\/p>\n\n\n\n<p>14: 00 hs Fin de la Segunda Sesi\u00f3n.<\/p>\n\n\n\n<p>3ra Sesi\u00f3n<\/p>\n\n\n\n<p>15: 30 hs Convocatoria de los participantes<\/p>\n\n\n\n<p>16: 00 hs Conferencia: \u201cRecrear la democracia con un o\u00eddo en el pueblo\u201d por Mons. Jorge Lugones<\/p>\n\n\n\n<p>16: 30 hs Cuarto Panel Central: \u201cLas deudas de la democracia: Educaci\u00f3n y Desarrollo \u201c<\/p>\n\n\n\n<p>17: 30 hs Mesas debate con equipos t\u00e9cnicos:<\/p>\n\n\n\n<p>Mesa 1: Econom\u00eda con rostro humano<\/p>\n\n\n\n<p>Mesa 2: Educaci\u00f3n para la Inclusi\u00f3n.<\/p>\n\n\n\n<p>Mesa 3: Salud y adicciones<\/p>\n\n\n\n<p>19: 30 hs Intervalo<\/p>\n\n\n\n<p>20: 00 hs Misa televisada<\/p>\n\n\n\n<p>21: 00 hs Fin de la Tercera Sesi\u00f3n.<\/p>\n\n\n\n<p><strong>DOMINGO 2 de Julio<\/strong><\/p>\n\n\n\n<p>4ta Sesi\u00f3n<\/p>\n\n\n\n<p>09: 30 hs Convocatoria de los participantes.<\/p>\n\n\n\n<p>10: 00 hs Quinto Panel Central: \u201cLa democracia que viene\u00bb<\/p>\n\n\n\n<p>Lectura del Mensaje Final a la Sociedad<\/p>\n\n\n\n<p><a href=\"https:\/\/www.facebook.com\/ComisionEpiscopaldePastoralSocial?__cft__[0]=AZW-NqgpNfqP2zfRsfgGaHMk66CVp3vIm3yBzI_GXArgqxtw6IhN_i2RSkip3tim3VNFXQtbYsh4yegCGT316P-isOPTfxHpnAGDeo28cTZh5zlWhGqDsN51L5tRKp7gUqk&amp;__tn__=-]K-R\">Comisi\u00f3n Episcopal de Pastoral Social<\/a><\/p>\n","protected":false},"excerpt":{"rendered":"<p>Bajo el lema \u00abCaminemos en Esperanza\u00bb y organizada la Comisi\u00f3n Episcopal de Pastoral Social se realizar\u00e1 una nueva edici\u00f3n de la Semana Social 2023 en Mar del Plata, desde el 30 de junio, 1 y 2 de Julio pr\u00f3ximo. El tema de este a\u00f1o es, \u201c40 a\u00f1os de Democracia y 10 a\u00f1os de Francisco\u201d. Como [&hellip;]<\/p>\n","protected":false},"author":4,"featured_media":40679,"comment_status":"open","ping_status":"open","sticky":false,"template":"","format":"standard","meta":{"_et_pb_use_builder":"","_et_pb_old_content":"","_et_gb_content_width":""},"categories":[4,11],"tags":[],"aioseo_notices":[],"_links":{"self":[{"href":"https:\/\/www.obispado-mdp.org.ar\/a\/wp-json\/wp\/v2\/posts\/40678"}],"collection":[{"href":"https:\/\/www.obispado-mdp.org.ar\/a\/wp-json\/wp\/v2\/posts"}],"about":[{"href":"https:\/\/www.obispado-mdp.org.ar\/a\/wp-json\/wp\/v2\/types\/post"}],"author":[{"embeddable":true,"href":"https:\/\/www.obispado-mdp.org.ar\/a\/wp-json\/wp\/v2\/users\/4"}],"replies":[{"embeddable":true,"href":"https:\/\/www.obispado-mdp.org.ar\/a\/wp-json\/wp\/v2\/comments?post=40678"}],"version-history":[{"count":2,"href":"https:\/\/www.obispado-mdp.org.ar\/a\/wp-json\/wp\/v2\/posts\/40678\/revisions"}],"predecessor-version":[{"id":40682,"href":"https:\/\/www.obispado-mdp.org.ar\/a\/wp-json\/wp\/v2\/posts\/40678\/revisions\/40682"}],"wp:featuredmedia":[{"embeddable":true,"href":"https:\/\/www.obispado-mdp.org.ar\/a\/wp-json\/wp\/v2\/media\/40679"}],"wp:attachment":[{"href":"https:\/\/www.obispado-mdp.org.ar\/a\/wp-json\/wp\/v2\/media?parent=40678"}],"wp:term":[{"taxonomy":"category","embeddable":true,"href":"https:\/\/www.obispado-mdp.org.ar\/a\/wp-json\/wp\/v2\/categories?post=40678"},{"taxonomy":"post_tag","embeddable":true,"href":"https:\/\/www.obispado-mdp.org.ar\/a\/wp-json\/wp\/v2\/tags?post=40678"}],"curies":[{"name":"wp","href":"https:\/\/api.w.org\/{rel}","templated":true}]}}