{"id":40686,"date":"2023-06-22T08:32:40","date_gmt":"2023-06-22T11:32:40","guid":{"rendered":"https:\/\/www.obispado-mdp.org.ar\/a\/?p=40686"},"modified":"2023-06-22T08:39:14","modified_gmt":"2023-06-22T11:39:14","slug":"suplicamos-por-la-paz-y-la-justicia","status":"publish","type":"post","link":"https:\/\/www.obispado-mdp.org.ar\/a\/suplicamos-por-la-paz-y-la-justicia\/","title":{"rendered":"SUPLICAMOS POR LA PAZ Y LA JUSTICIA"},"content":{"rendered":"\n<p class=\"has-pale-cyan-blue-background-color has-background\"><strong>La Conferencia Episcopal Argentina invita a todas las parroquias y comunidades a ofrecer el pr\u00f3ximo fin de semana una s\u00faplica por la paz y la justicia.<\/strong><\/p>\n\n\n\n<p>Con fecha 21 de junio de 2023, d\u00eda de la Memoria de San Luis Gonzaga, la Comision Ejecutiva de la CEA envi\u00f3 esta carta:<\/p>\n\n\n\n<p>Estimados hermanos:<br>En estos d\u00edas, los argentinos volvemos a enfrentarnos bajo el signo de la violencia. Frente a estos hechos que nos acongojan, como pastores y como argentinos, hacemos nuestras las palabras de nuestro hermano obispo de Jujuy: Hay que construir puentes a recorrer para encontrarnos y no dinamitarlos\u2026 Todo se puede lograr con el di\u00e1logo y todo se pierde cuando la palabra cede el paso a la violencia. Es fatigoso el camino del di\u00e1logo, pero hay que transitarlo y escucharnos pacientemente haciendo lugar a las distintas voces de los actores de nuestra vida social.<\/p>\n\n\n\n<p>&nbsp;Necesitamos todos pacificar nuestros corazones frente a tantos hechos que nos conmueven y duelen. En Jujuy y en Chaco hemos contemplado realidades desgarradoras ante las que, como cristianos, no podemos permanecer indiferentes. Tristemente no son las \u00fanicas, pero en ellas se hace visible tanta violencia y tanta injusticia en las que el dolor cala hasta los huesos invit\u00e1ndonos a estar cerca de nuestros hermanos que sufren. Al acompa\u00f1ar el dolor, que es de todos, dice la comisi\u00f3n de Justicia y Paz de Resistencia, reconocemos que todos tenemos un espacio para actuar responsablemente y generar procesos de transformaci\u00f3n para rehabilitar y auxiliar a nuestra comunidad herida con un genuino esp\u00edritu de justica y de verdad, de no violencia y de paz.<\/p>\n\n\n\n<p>&nbsp;La Iglesia, siguiendo los principios evang\u00e9licos, siempre estar\u00e1 a favor de la PAZ, y la JUSTICIA, de la cultura del encuentro entre los ciudadanos y entre los Pueblos3 reafirma el obispo prelado de Humahuaca. En este esp\u00edritu, queremos invitarlos a convocar a todo el Pueblo de Dios para que en este fin de semana podamos ofrecer, en todas las celebraciones eucar\u00edsticas a lo largo y ancho de la Patria, una s\u00faplica por la paz y la justicia que brote de lo profundo de nuestro coraz\u00f3n creyente.<\/p>\n\n\n\n<p>Concretamente proponemos que, en todas las parroquias y comunidades, se celebre la Misa por la Patria (formulario N\u00ba 21 del Misal Romano), con las lecturas propias del XII Domingo durante el a\u00f1o Ciclo A.<\/p>\n\n\n\n<p>Confiando en la misericordia del Se\u00f1or que pacifica nuestros corazones, ponemos la b\u00fasqueda de paz y justicia que se anuda en el coraz\u00f3n de los ciudadanos argentinos en manos de nuestra Madre de Luj\u00e1n.<\/p>\n\n\n\n<p>FIRMAN: Mons. Oscar V. Ojea, Presidente Mons. Marcelo Colombo, Vicepresidente 1\u00b0 Mons. Carlos Azpiroz Costa, OP, Vicepresidente 2\u00b0 Mons. Alberto G. Bochatey, OSA, Secretario General Comisi\u00f3n Ejecutiva<\/p>\n\n\n\n<p>FUENTE: <a href=\"https:\/\/episcopado.org\/assetsweb\/cont\/3812\/cea__com__ejecutiva__por_la_paz_y_la_justicia__210623.pdf?fbclid=IwAR2p-PTZqySJHyvDY-8RbdPQ0M8kmWetMdDfiJ9FQZ2ztGKOXQM-Iz7lznM\" target=\"_blank\" rel=\"noopener\">Conferencia Episcopal<\/a><\/p>\n\n\n\n<p><\/p>\n","protected":false},"excerpt":{"rendered":"<p>La Conferencia Episcopal Argentina invita a todas las parroquias y comunidades a ofrecer el pr\u00f3ximo fin de semana una s\u00faplica por la paz y la justicia. Con fecha 21 de junio de 2023, d\u00eda de la Memoria de San Luis Gonzaga, la Comision Ejecutiva de la CEA envi\u00f3 esta carta: Estimados hermanos:En estos d\u00edas, los [&hellip;]<\/p>\n","protected":false},"author":4,"featured_media":0,"comment_status":"open","ping_status":"open","sticky":false,"template":"","format":"standard","meta":{"_et_pb_use_builder":"","_et_pb_old_content":"","_et_gb_content_width":""},"categories":[3],"tags":[],"aioseo_notices":[],"_links":{"self":[{"href":"https:\/\/www.obispado-mdp.org.ar\/a\/wp-json\/wp\/v2\/posts\/40686"}],"collection":[{"href":"https:\/\/www.obispado-mdp.org.ar\/a\/wp-json\/wp\/v2\/posts"}],"about":[{"href":"https:\/\/www.obispado-mdp.org.ar\/a\/wp-json\/wp\/v2\/types\/post"}],"author":[{"embeddable":true,"href":"https:\/\/www.obispado-mdp.org.ar\/a\/wp-json\/wp\/v2\/users\/4"}],"replies":[{"embeddable":true,"href":"https:\/\/www.obispado-mdp.org.ar\/a\/wp-json\/wp\/v2\/comments?post=40686"}],"version-history":[{"count":5,"href":"https:\/\/www.obispado-mdp.org.ar\/a\/wp-json\/wp\/v2\/posts\/40686\/revisions"}],"predecessor-version":[{"id":40692,"href":"https:\/\/www.obispado-mdp.org.ar\/a\/wp-json\/wp\/v2\/posts\/40686\/revisions\/40692"}],"wp:attachment":[{"href":"https:\/\/www.obispado-mdp.org.ar\/a\/wp-json\/wp\/v2\/media?parent=40686"}],"wp:term":[{"taxonomy":"category","embeddable":true,"href":"https:\/\/www.obispado-mdp.org.ar\/a\/wp-json\/wp\/v2\/categories?post=40686"},{"taxonomy":"post_tag","embeddable":true,"href":"https:\/\/www.obispado-mdp.org.ar\/a\/wp-json\/wp\/v2\/tags?post=40686"}],"curies":[{"name":"wp","href":"https:\/\/api.w.org\/{rel}","templated":true}]}}