{"id":40694,"date":"2023-06-24T08:53:23","date_gmt":"2023-06-24T11:53:23","guid":{"rendered":"https:\/\/www.obispado-mdp.org.ar\/a\/?p=40694"},"modified":"2023-06-24T09:40:25","modified_gmt":"2023-06-24T12:40:25","slug":"pesar-en-la-diocesis-por-el-fallecimiento-de-federico-contessi","status":"publish","type":"post","link":"https:\/\/www.obispado-mdp.org.ar\/a\/pesar-en-la-diocesis-por-el-fallecimiento-de-federico-contessi\/","title":{"rendered":"PESAR EN LA DI\u00d3CESIS POR EL FALLECIMIENTO DE FEDERICO CONTESSI."},"content":{"rendered":"\n<p class=\"has-pale-cyan-blue-background-color has-background\"><strong>El padre obispo Gabriel Mestre y toda la comunidad diocesana se unen a las muestras de dolor por el fallecimiento de Federico Contessi, un verdadero protagonista de la vida de la ciudad y referente de la industria naval argentina.<\/strong><\/p>\n\n\n\n<p><br>Contessi ser\u00e1 recordado en la di\u00f3cesis como uno de los grandes colaboradores en todas las iniciativas eclesiales, ya que con su cl\u00e1sica energ\u00eda y fuerte voluntad contagiaba optimismo y esperanza<\/p>\n\n\n\n<p><br>La visi\u00f3n industrial de Federico nos deja un ejemplo de servicio y amor por la ciudad.<br>Pedimos y oramos a Dios para que abrace a Federico con su paz y lo cubra con su amor, tambi\u00e9n oramos por el cristiano consuelo de la familia Contessi que seguir\u00e1 su legado de trabajo y esperanza por el bien de la comunidad.<\/p>\n","protected":false},"excerpt":{"rendered":"<p>El padre obispo Gabriel Mestre y toda la comunidad diocesana se unen a las muestras de dolor por el fallecimiento de Federico Contessi, un verdadero protagonista de la vida de la ciudad y referente de la industria naval argentina. Contessi ser\u00e1 recordado en la di\u00f3cesis como uno de los grandes colaboradores en todas las iniciativas [&hellip;]<\/p>\n","protected":false},"author":4,"featured_media":40695,"comment_status":"open","ping_status":"open","sticky":false,"template":"","format":"standard","meta":{"_et_pb_use_builder":"","_et_pb_old_content":"","_et_gb_content_width":""},"categories":[4],"tags":[],"aioseo_notices":[],"_links":{"self":[{"href":"https:\/\/www.obispado-mdp.org.ar\/a\/wp-json\/wp\/v2\/posts\/40694"}],"collection":[{"href":"https:\/\/www.obispado-mdp.org.ar\/a\/wp-json\/wp\/v2\/posts"}],"about":[{"href":"https:\/\/www.obispado-mdp.org.ar\/a\/wp-json\/wp\/v2\/types\/post"}],"author":[{"embeddable":true,"href":"https:\/\/www.obispado-mdp.org.ar\/a\/wp-json\/wp\/v2\/users\/4"}],"replies":[{"embeddable":true,"href":"https:\/\/www.obispado-mdp.org.ar\/a\/wp-json\/wp\/v2\/comments?post=40694"}],"version-history":[{"count":2,"href":"https:\/\/www.obispado-mdp.org.ar\/a\/wp-json\/wp\/v2\/posts\/40694\/revisions"}],"predecessor-version":[{"id":41488,"href":"https:\/\/www.obispado-mdp.org.ar\/a\/wp-json\/wp\/v2\/posts\/40694\/revisions\/41488"}],"wp:featuredmedia":[{"embeddable":true,"href":"https:\/\/www.obispado-mdp.org.ar\/a\/wp-json\/wp\/v2\/media\/40695"}],"wp:attachment":[{"href":"https:\/\/www.obispado-mdp.org.ar\/a\/wp-json\/wp\/v2\/media?parent=40694"}],"wp:term":[{"taxonomy":"category","embeddable":true,"href":"https:\/\/www.obispado-mdp.org.ar\/a\/wp-json\/wp\/v2\/categories?post=40694"},{"taxonomy":"post_tag","embeddable":true,"href":"https:\/\/www.obispado-mdp.org.ar\/a\/wp-json\/wp\/v2\/tags?post=40694"}],"curies":[{"name":"wp","href":"https:\/\/api.w.org\/{rel}","templated":true}]}}