{"id":40698,"date":"2023-06-25T09:00:55","date_gmt":"2023-06-25T12:00:55","guid":{"rendered":"https:\/\/www.obispado-mdp.org.ar\/a\/?p=40698"},"modified":"2023-06-25T12:18:40","modified_gmt":"2023-06-25T15:18:40","slug":"reunion-nacional-de-caritas-en-mar-del-plata","status":"publish","type":"post","link":"https:\/\/www.obispado-mdp.org.ar\/a\/reunion-nacional-de-caritas-en-mar-del-plata\/","title":{"rendered":"REUNION NACIONAL DE CARITAS EN  MAR DEL PLATA."},"content":{"rendered":"\n<p class=\"has-pale-cyan-blue-background-color has-background\"><strong>El padre obispo Gabriel Mestre presidi\u00f3 la Misa del Encuentro de CARITAS que se desarrolla este fin de semana denominado: Primer Encuentro Nacional de Desarrollo Humano Integral.<\/strong><\/p>\n\n\n\n<p>Durante la jornadas se desarrolla un trabajo articulado con las sub \u00e1reas de H\u00e1bitat, Econom\u00eda Social y Solidaria, Barrios Populares y Apyca, teniendo como objetivo general \u201cAnimar y fortalecer en los territorios, procesos integrales de organizaci\u00f3n comunitaria donde las personas que habitan los barrios de nuestra periferia sean protagonistas de su vida y su desarrollo humano y cristiano a trav\u00e9s de los ejes de Tierra, Techo, Trabajo y Salud &#8211; Adicciones.\u201d<\/p>\n\n\n\n<p>Compartieron la ceremonia religiosa junto al obispo y los sacerdotes de Mar del Plata, Mons. Gustavo Carrara, auxiliar de Buenos Aires y Mons. Roberto \u00c1lvarez, auxiliar de Comodoro Rivadavia. Ambos asesores de C\u00e1ritas Argentina. Tambi\u00e9n estaban presentes sacerdotes y di\u00e1conos que acompa\u00f1an a las delegaciones de todo el pa\u00eds.<\/p>\n\n\n\n<p>Mestre en su homil\u00eda destac\u00f3 la necesidad de <strong>\u201cproclamar a plena luz y en los altos de la casas los valores del Evangelio junto al valor de la paz que los obispos de Argentina alientan a vivir ante algunas situaciones de violencia que se han registrado en nuestra Patria\u201d.<\/strong><\/p>\n\n\n\n<p>Organiza C\u00e1ritas Argentina y est\u00e1n participando representantes de las distintas C\u00e1ritas diocesanas del pa\u00eds.<\/p>\n\n\n\n<figure class=\"wp-container-2 wp-block-gallery-1 wp-block-gallery has-nested-images columns-default is-cropped\">\n<figure class=\"wp-block-image size-large\"><img loading=\"lazy\" width=\"779\" height=\"685\" data-id=\"40703\"  src=\"https:\/\/www.obispado-mdp.org.ar\/a\/wp-content\/uploads\/2023\/06\/27db9917-eedd-4590-b360-a02b950f3706.jpg\" alt=\"\" class=\"wp-image-40703\"\/><\/figure>\n\n\n\n<figure class=\"wp-block-image size-large\"><img loading=\"lazy\" width=\"718\" height=\"872\" data-id=\"40701\"  src=\"https:\/\/www.obispado-mdp.org.ar\/a\/wp-content\/uploads\/2023\/06\/82af7c99-1ed5-4f02-bbb8-fa047598eeb5.jpg\" alt=\"\" class=\"wp-image-40701\"\/><\/figure>\n\n\n\n<figure class=\"wp-block-image size-large\"><img loading=\"lazy\" width=\"772\" height=\"627\" data-id=\"40699\"  src=\"https:\/\/www.obispado-mdp.org.ar\/a\/wp-content\/uploads\/2023\/06\/579ba0fb-69b4-4c6c-9278-42351a0b8846.jpg\" alt=\"\" class=\"wp-image-40699\"\/><\/figure>\n\n\n\n<figure class=\"wp-block-image size-large\"><img loading=\"lazy\" width=\"1024\" height=\"1024\" data-id=\"40702\"  src=\"https:\/\/www.obispado-mdp.org.ar\/a\/wp-content\/uploads\/2023\/06\/a08e1437-9e3d-40c8-aaf4-d5994a23add9-1024x1024.jpg\" alt=\"\" class=\"wp-image-40702\"\/><\/figure>\n\n\n\n<figure class=\"wp-block-image size-large\"><img loading=\"lazy\" width=\"717\" height=\"825\" data-id=\"40700\"  src=\"https:\/\/www.obispado-mdp.org.ar\/a\/wp-content\/uploads\/2023\/06\/c251124a-b5d4-466c-b9d0-1cf2b64ab048.jpg\" alt=\"\" class=\"wp-image-40700\"\/><\/figure>\n<\/figure>\n\n\n\n<figure class=\"wp-block-image size-full\"><img loading=\"lazy\" width=\"1024\" height=\"576\" src=\"https:\/\/www.obispado-mdp.org.ar\/a\/wp-content\/uploads\/2023\/06\/caritas.jpg\" alt=\"\" class=\"wp-image-40710\"\/><\/figure>\n","protected":false},"excerpt":{"rendered":"<p>El padre obispo Gabriel Mestre presidi\u00f3 la Misa del Encuentro de CARITAS que se desarrolla este fin de semana denominado: Primer Encuentro Nacional de Desarrollo Humano Integral. Durante la jornadas se desarrolla un trabajo articulado con las sub \u00e1reas de H\u00e1bitat, Econom\u00eda Social y Solidaria, Barrios Populares y Apyca, teniendo como objetivo general \u201cAnimar y [&hellip;]<\/p>\n","protected":false},"author":4,"featured_media":40704,"comment_status":"open","ping_status":"open","sticky":false,"template":"","format":"standard","meta":{"_et_pb_use_builder":"","_et_pb_old_content":"","_et_gb_content_width":""},"categories":[3,4],"tags":[],"aioseo_notices":[],"_links":{"self":[{"href":"https:\/\/www.obispado-mdp.org.ar\/a\/wp-json\/wp\/v2\/posts\/40698"}],"collection":[{"href":"https:\/\/www.obispado-mdp.org.ar\/a\/wp-json\/wp\/v2\/posts"}],"about":[{"href":"https:\/\/www.obispado-mdp.org.ar\/a\/wp-json\/wp\/v2\/types\/post"}],"author":[{"embeddable":true,"href":"https:\/\/www.obispado-mdp.org.ar\/a\/wp-json\/wp\/v2\/users\/4"}],"replies":[{"embeddable":true,"href":"https:\/\/www.obispado-mdp.org.ar\/a\/wp-json\/wp\/v2\/comments?post=40698"}],"version-history":[{"count":3,"href":"https:\/\/www.obispado-mdp.org.ar\/a\/wp-json\/wp\/v2\/posts\/40698\/revisions"}],"predecessor-version":[{"id":40712,"href":"https:\/\/www.obispado-mdp.org.ar\/a\/wp-json\/wp\/v2\/posts\/40698\/revisions\/40712"}],"wp:featuredmedia":[{"embeddable":true,"href":"https:\/\/www.obispado-mdp.org.ar\/a\/wp-json\/wp\/v2\/media\/40704"}],"wp:attachment":[{"href":"https:\/\/www.obispado-mdp.org.ar\/a\/wp-json\/wp\/v2\/media?parent=40698"}],"wp:term":[{"taxonomy":"category","embeddable":true,"href":"https:\/\/www.obispado-mdp.org.ar\/a\/wp-json\/wp\/v2\/categories?post=40698"},{"taxonomy":"post_tag","embeddable":true,"href":"https:\/\/www.obispado-mdp.org.ar\/a\/wp-json\/wp\/v2\/tags?post=40698"}],"curies":[{"name":"wp","href":"https:\/\/api.w.org\/{rel}","templated":true}]}}