{"id":40706,"date":"2023-06-25T09:17:15","date_gmt":"2023-06-25T12:17:15","guid":{"rendered":"https:\/\/www.obispado-mdp.org.ar\/a\/?p=40706"},"modified":"2023-06-26T09:18:54","modified_gmt":"2023-06-26T12:18:54","slug":"dia-internacional-de-lucha-contra-las-drogas","status":"publish","type":"post","link":"https:\/\/www.obispado-mdp.org.ar\/a\/dia-internacional-de-lucha-contra-las-drogas\/","title":{"rendered":"D\u00cdA INTERNACIONAL DE LUCHA CONTRA LAS DROGAS"},"content":{"rendered":"\n<p class=\"has-pale-cyan-blue-background-color has-background\"><strong>El 26 de junio se conmemora el d\u00eda internacional de la lucha contra el uso indebido y el tr\u00e1fico il\u00edcito de drogas. Misa en la Catedral presidida por el padre obispo Gabriel Mestre a las 17hs.&nbsp; Documento.<\/strong><\/p>\n\n\n\n<p>La Comisi\u00f3n Nacional de Pastoral de Adicciones y Drogadependencia y la Comisi\u00f3n Episcopal de Pastoral Social &nbsp;de la Conferencia Episcopal Argentina dieron a conocer un documento titulado \u201cVe y haz t\u00fa lo mismo\u201d (Lc, 10, 25-37) donde expresan la necesidad de asumir los compromisos que conlleva enfrentar los desaf\u00edos que presenta el consumo de drogas.<\/p>\n\n\n\n<p>Por tal motivo la Pastoral de Drogadependencias y Adicciones de la di\u00f3cesis invita a la Misa que celebrar\u00e1 el obispo Gabriel el lunes 26 de junio a las 17 hs en la iglesia Catedral.<\/p>\n\n\n\n<p><strong>DOCUMENTO<\/strong><br><a href=\"https:\/\/www.obispado-mdp.org.ar\/a\/wp-content\/uploads\/2023\/06\/Mensaje-Word-26-Junio-2023-PNDD-FINAL-CON-LOGO-2.docx\">El texto del documento es el siguiente<\/a>:<\/p>\n\n\n\n<p>Este lunes 26 de junio se conmemora el D\u00eda Internacional de la Lucha contra el Uso Indebido y el Tr\u00e1fico Il\u00edcito de Drogas, establecido por las Naciones Unidas para recordar, concientizar y trabajar sobre esta problem\u00e1tica que afecta a todos los pueblos del mundo.<\/p>\n\n\n\n<p>Quienes trabajamos en la Pastoral de Adicciones en la Iglesia argentina, siendo \u00abIglesia en Salida\u00bb como nos pide el Papa Francisco, yendo al encuentro de nuestros j\u00f3venes lastimados, recorriendo calles y esquinas para abrazar \u00abla vida como viene\u00bb, poniendo el cuerpo y animando a que \u201cse descubran familia\u201d en nuestros espacios eclesiales, comprobamos a lo largo y ancho de nuestra Patria la tragedia cotidiana que avanza en espiral: la droga mata.<\/p>\n\n\n\n<p>Proponemos un camino de fe vivida en comunidad, un camino en el que la salvaci\u00f3n y la liberaci\u00f3n de la esclavitud de las drogas no es de a uno porque nadie se salva solo.<\/p>\n\n\n\n<p>Desde hace muchos a\u00f1os somos conscientes como Comisi\u00f3n de la necesidad de asumir los compromisos que conlleva enfrentar los desaf\u00edos que presenta el consumo de drogas. Por eso insistimos en:<\/p>\n\n\n\n<p>\u00b7 desnaturalizar el consumo, porque la droga mata siempre;<\/p>\n\n\n\n<p>\u00b7 combatir la apat\u00eda, la insensibilidad y la indiferencia, porque la droga es un problema de todos;<\/p>\n\n\n\n<p>\u00b7 gritar y clamar con vehemencia y desesperaci\u00f3n \u201c\u00a1Ni un pibe menos por la droga!\u201d porque la droga mata en el centro de nuestras ciudades, pero sobre todo en la periferia de nuestros barrios donde nuestros pibes y pibas pobres est\u00e1n en riesgo permanente;<\/p>\n\n\n\n<p>\u00b7 decir NO a la despenalizaci\u00f3n de la droga porque la realidad misma nos confirma que la droga mata siempre, particularmente a los m\u00e1s vulnerables.<\/p>\n\n\n\n<p>Nuestra denuncia prof\u00e9tica frente a lo que la droga genera en nuestros j\u00f3venes desde el accionar de los mercaderes de la muerte en nuestros barrios, muchas veces ha llevado a que muchos agentes pastorales vivan hasta el extremo este compromiso y servicio generoso, sufriendo amenazas \u2014incluso de muerte\u2014 y atropellos como tantos que hicieron de su vida una entrega martirial de amor.<\/p>\n\n\n\n<p>Que quienes encarnan los gobiernos \u2014cada uno a su tiempo\u2014 vean en nuestras propuestas inspiraci\u00f3n y profec\u00eda, depende de nuestro testimonio cotidiano y de nuestra capacidad de di\u00e1logo con los estamentos estatales polivinculados a esta problem\u00e1tica.<\/p>\n\n\n\n<p>Sabemos que cuando ponemos en el centro de nuestras preocupaciones al ser humano, todo es posible y tiene sentido porque crece una vida plena para todos y todas, abrazando, conteniendo y ayudando a quien sufre.<\/p>\n\n\n\n<p>El mismo Jes\u00fas nos habla desde la Par\u00e1bola del Buen Samaritano, y nos dice amorosamente c\u00f3mo proceder ante situaciones de tanto dolor, abandono y miserias humanas. Curemos las heridas.<\/p>\n\n\n\n<p>Cubr\u00e1moslas con el aceite que alivia con nuestras propias manos. Devolvamos la esperanza a nuestros hermanos y hermanas maltrechos a orillas del camino.<\/p>\n\n\n\n<p>\u201cVe y haz t\u00fa lo mismo\u2026\u201d<\/p>\n\n\n\n<p>Comisi\u00f3n Nacional de Pastoral de Adicciones y Drogadependencia<br>Comisi\u00f3n Episcopal de Pastoral Social <br>Conferencia Episcopal Argentina<\/p>\n\n\n\n<figure class=\"wp-block-image size-large\"><img loading=\"lazy\" width=\"724\" height=\"1024\" src=\"https:\/\/www.obispado-mdp.org.ar\/a\/wp-content\/uploads\/2023\/06\/DIA-LUCHA-CONTRA-LA-DROGA-a-724x1024.jpg\" alt=\"\" class=\"wp-image-40707\"\/><\/figure>\n","protected":false},"excerpt":{"rendered":"<p>El 26 de junio se conmemora el d\u00eda internacional de la lucha contra el uso indebido y el tr\u00e1fico il\u00edcito de drogas. Misa en la Catedral presidida por el padre obispo Gabriel Mestre a las 17hs.&nbsp; Documento. La Comisi\u00f3n Nacional de Pastoral de Adicciones y Drogadependencia y la Comisi\u00f3n Episcopal de Pastoral Social &nbsp;de la [&hellip;]<\/p>\n","protected":false},"author":4,"featured_media":40708,"comment_status":"open","ping_status":"open","sticky":false,"template":"","format":"standard","meta":{"_et_pb_use_builder":"","_et_pb_old_content":"","_et_gb_content_width":""},"categories":[4,11],"tags":[],"aioseo_notices":[],"_links":{"self":[{"href":"https:\/\/www.obispado-mdp.org.ar\/a\/wp-json\/wp\/v2\/posts\/40706"}],"collection":[{"href":"https:\/\/www.obispado-mdp.org.ar\/a\/wp-json\/wp\/v2\/posts"}],"about":[{"href":"https:\/\/www.obispado-mdp.org.ar\/a\/wp-json\/wp\/v2\/types\/post"}],"author":[{"embeddable":true,"href":"https:\/\/www.obispado-mdp.org.ar\/a\/wp-json\/wp\/v2\/users\/4"}],"replies":[{"embeddable":true,"href":"https:\/\/www.obispado-mdp.org.ar\/a\/wp-json\/wp\/v2\/comments?post=40706"}],"version-history":[{"count":2,"href":"https:\/\/www.obispado-mdp.org.ar\/a\/wp-json\/wp\/v2\/posts\/40706\/revisions"}],"predecessor-version":[{"id":40714,"href":"https:\/\/www.obispado-mdp.org.ar\/a\/wp-json\/wp\/v2\/posts\/40706\/revisions\/40714"}],"wp:featuredmedia":[{"embeddable":true,"href":"https:\/\/www.obispado-mdp.org.ar\/a\/wp-json\/wp\/v2\/media\/40708"}],"wp:attachment":[{"href":"https:\/\/www.obispado-mdp.org.ar\/a\/wp-json\/wp\/v2\/media?parent=40706"}],"wp:term":[{"taxonomy":"category","embeddable":true,"href":"https:\/\/www.obispado-mdp.org.ar\/a\/wp-json\/wp\/v2\/categories?post=40706"},{"taxonomy":"post_tag","embeddable":true,"href":"https:\/\/www.obispado-mdp.org.ar\/a\/wp-json\/wp\/v2\/tags?post=40706"}],"curies":[{"name":"wp","href":"https:\/\/api.w.org\/{rel}","templated":true}]}}